{"id":442,"date":"2012-10-01T14:41:00","date_gmt":"2012-10-01T14:41:00","guid":{"rendered":"http:\/\/www.alumniespana.es\/nueva\/?p=327"},"modified":"2014-05-19T18:12:03","modified_gmt":"2014-05-19T18:12:03","slug":"proyecto-certiuni","status":"publish","type":"post","link":"https:\/\/www.alumniespana.es\/nueva\/proyecto-certiuni\/","title":{"rendered":"LA MINISTRA DE EMPLEO RECIBE A REPRESENTANTES DE CERTIUNI"},"content":{"rendered":"<p style=\"text-align: justify;\">1 de Octubre de 2012.-\u00a0El pasado viernes 28 de Septiembre, se celebr\u00f3 una reuni\u00f3n entre la Ministra de Empleo, F\u00e0tima B\u00e1\u00f1ez, y representantes de la plataforma CertiUni entre los cuales estaba el presidente de Alumni Espa\u00f1a, Antonio Jos\u00e9 Redondo, que es director a la vez de CertiUne CRUE. El encuentro tuvo lugar en la sede del Ministerio de Empleo y Seguridad Social, con el objetivo de concretar los detalles de una futura colaboraci\u00f3n entre ambas entidades.\u00a0<!--more--><\/p>\n<figure id=\"attachment_739\" aria-describedby=\"caption-attachment-739\" style=\"width: 300px\" class=\"wp-caption alignleft\"><img data-recalc-dims=\"1\" fetchpriority=\"high\" decoding=\"async\" data-attachment-id=\"739\" data-permalink=\"https:\/\/www.alumniespana.es\/nueva\/proyecto-certiuni\/ministra-empleo-reunion-certiuni\/\" data-orig-file=\"https:\/\/i0.wp.com\/www.alumniespana.es\/nueva\/wp-content\/uploads\/2012\/10\/ministra-empleo-reunion-certiuni.jpg?fit=600%2C450&amp;ssl=1\" data-orig-size=\"600,450\" data-comments-opened=\"1\" data-image-meta=\"{&quot;aperture&quot;:&quot;0&quot;,&quot;credit&quot;:&quot;&quot;,&quot;camera&quot;:&quot;&quot;,&quot;caption&quot;:&quot;&quot;,&quot;created_timestamp&quot;:&quot;0&quot;,&quot;copyright&quot;:&quot;&quot;,&quot;focal_length&quot;:&quot;0&quot;,&quot;iso&quot;:&quot;0&quot;,&quot;shutter_speed&quot;:&quot;0&quot;,&quot;title&quot;:&quot;&quot;}\" data-image-title=\"ministra empleo reunion certiuni\" data-image-description=\"\" data-image-caption=\"\" data-medium-file=\"https:\/\/i0.wp.com\/www.alumniespana.es\/nueva\/wp-content\/uploads\/2012\/10\/ministra-empleo-reunion-certiuni.jpg?fit=300%2C225&amp;ssl=1\" data-large-file=\"https:\/\/i0.wp.com\/www.alumniespana.es\/nueva\/wp-content\/uploads\/2012\/10\/ministra-empleo-reunion-certiuni.jpg?fit=600%2C450&amp;ssl=1\" class=\"wp-image-739 size-medium\" src=\"https:\/\/i0.wp.com\/www.alumniespana.es\/nueva\/wp-content\/uploads\/2012\/10\/ministra-empleo-reunion-certiuni.jpg?resize=300%2C225\" alt=\"Reuni\u00f3n Ministra de empleo con los representantes de CERTIUNI\" width=\"300\" height=\"225\" srcset=\"https:\/\/i0.wp.com\/www.alumniespana.es\/nueva\/wp-content\/uploads\/2012\/10\/ministra-empleo-reunion-certiuni.jpg?resize=300%2C225&amp;ssl=1 300w, https:\/\/i0.wp.com\/www.alumniespana.es\/nueva\/wp-content\/uploads\/2012\/10\/ministra-empleo-reunion-certiuni.jpg?w=600&amp;ssl=1 600w\" sizes=\"(max-width: 300px) 100vw, 300px\" \/><figcaption id=\"caption-attachment-739\" class=\"wp-caption-text\">Representantes de CERTIUNI con la Ministra de Fomento<\/figcaption><\/figure>\n<p style=\"text-align: justify;\">En el encuentro tambi\u00e9n estuvieron presentes la secretaria de Estado de Empleo, Engracia Hidalgo Tena; el rector de la Universidad de Huelva y presidente de CertiUni CRUE, Francisco Jos\u00e9 Mart\u00ednez L\u00f3pez; la vicerrectora de Estudiantes, Empleo y Empresa de la Universidad de Huelva, Isabel Rodr\u00edguez Garc\u00eda, y el director de Empleo de la Universidad de Huelva, Francisco Barba.<\/p>\n<p style=\"text-align: justify;\">La reuni\u00f3n sirvi\u00f3 para sentar las bases de la participaci\u00f3n del Ministerio de Empleo en el proyecto de CertiUni -plataforma de certificaci\u00f3n universitaria con la que se acreditan competencias ling\u00fc\u00edsticas, inform\u00e1ticas y capacidades personales-, como parte de su Comit\u00e9 Ejecutivo. Una iniciativa de la que ya forman parte el Ministerio de Educaci\u00f3n, la Confederaci\u00f3n Espa\u00f1ola de Organizaciones Empresariales (CEOE) y la Conferencia de Rectores de las Universidades Espa\u00f1olas (CRUE).<\/p>\n<p style=\"text-align: justify;\"><b>Proyecto CertiUni<br \/>\n<\/b>En el nuevo Espacio Europeo de Educaci\u00f3n Superior (EEES), el valor estrat\u00e9gico que para las universidades espa\u00f1olas representa la evaluaci\u00f3n y acreditaci\u00f3n de competencias de sus estudiantes, ha motivado la necesidad de realizar un estudio espec\u00edfico que ha concluido con la creaci\u00f3n de la Plataforma de Certificaci\u00f3n Universitaria `CertiUni\u00b4 como modelo de gesti\u00f3n compartida, que permite optimizar los esfuerzos y recursos sin perder la identidad espec\u00edfica de cada universidad. El proyecto, promovido por la CRUE, permite a las universidades y empresas utilizar un sistema com\u00fan en la evaluaci\u00f3n de algunas competencias, gracias a la aportaci\u00f3n de procedimientos elaborados por las propias universidades con la colaboraci\u00f3n de entidades expertas en cada uno de los campos evaluados.<\/p>\n","protected":false},"excerpt":{"rendered":"<p>1 de Octubre de 2012.-\u00a0El pasado viernes 28 de Septiembre, se celebr\u00f3 una reuni\u00f3n entre la Ministra de Empleo, F\u00e0tima B\u00e1\u00f1ez, y representantes de la <a href=\"https:\/\/www.alumniespana.es\/nueva\/proyecto-certiuni\/\" class=\"btn btn-link continue-link\">Seguir leyendo<\/a><\/p>\n","protected":false},"author":8,"featured_media":739,"comment_status":"open","ping_status":"open","sticky":false,"template":"","format":"standard","meta":{"jetpack_post_was_ever_published":false,"_jetpack_newsletter_access":"","_jetpack_dont_email_post_to_subs":false,"_jetpack_newsletter_tier_id":0,"_jetpack_memberships_contains_paywalled_content":false,"_jetpack_memberships_contains_paid_content":false,"footnotes":"","jetpack_publicize_message":"","jetpack_publicize_feature_enabled":true,"jetpack_social_post_already_shared":false,"jetpack_social_options":{"image_generator_settings":{"template":"highway","enabled":false},"version":2}},"categories":[6],"tags":[],"class_list":["post-442","post","type-post","status-publish","format-standard","has-post-thumbnail","hentry","category-noticias"],"jetpack_publicize_connections":[],"jetpack_featured_media_url":"https:\/\/i0.wp.com\/www.alumniespana.es\/nueva\/wp-content\/uploads\/2012\/10\/ministra-empleo-reunion-certiuni.jpg?fit=600%2C450&ssl=1","jetpack_sharing_enabled":true,"jetpack_shortlink":"https:\/\/wp.me\/pgqjCh-78","jetpack-related-posts":[],"_links":{"self":[{"href":"https:\/\/www.alumniespana.es\/nueva\/wp-json\/wp\/v2\/posts\/442","targetHints":{"allow":["GET"]}}],"collection":[{"href":"https:\/\/www.alumniespana.es\/nueva\/wp-json\/wp\/v2\/posts"}],"about":[{"href":"https:\/\/www.alumniespana.es\/nueva\/wp-json\/wp\/v2\/types\/post"}],"author":[{"embeddable":true,"href":"https:\/\/www.alumniespana.es\/nueva\/wp-json\/wp\/v2\/users\/8"}],"replies":[{"embeddable":true,"href":"https:\/\/www.alumniespana.es\/nueva\/wp-json\/wp\/v2\/comments?post=442"}],"version-history":[{"count":0,"href":"https:\/\/www.alumniespana.es\/nueva\/wp-json\/wp\/v2\/posts\/442\/revisions"}],"wp:featuredmedia":[{"embeddable":true,"href":"https:\/\/www.alumniespana.es\/nueva\/wp-json\/wp\/v2\/media\/739"}],"wp:attachment":[{"href":"https:\/\/www.alumniespana.es\/nueva\/wp-json\/wp\/v2\/media?parent=442"}],"wp:term":[{"taxonomy":"category","embeddable":true,"href":"https:\/\/www.alumniespana.es\/nueva\/wp-json\/wp\/v2\/categories?post=442"},{"taxonomy":"post_tag","embeddable":true,"href":"https:\/\/www.alumniespana.es\/nueva\/wp-json\/wp\/v2\/tags?post=442"}],"curies":[{"name":"wp","href":"https:\/\/api.w.org\/{rel}","templated":true}]}}