{"id":441,"date":"2012-06-04T14:30:32","date_gmt":"2012-06-04T14:30:32","guid":{"rendered":"http:\/\/www.alumniespana.es\/nueva\/?p=323"},"modified":"2014-05-19T17:54:40","modified_gmt":"2014-05-19T17:54:40","slug":"xvi-encuentro-de-la-federacion-de-antiguos-alumnos-y-amigos-de-las-universidades-espanolas","status":"publish","type":"post","link":"https:\/\/www.alumniespana.es\/nueva\/xvi-encuentro-de-la-federacion-de-antiguos-alumnos-y-amigos-de-las-universidades-espanolas\/","title":{"rendered":"MADRID ACOGE EL XVI ENCUENTRO DE ALUMNI ESPA\u00d1A"},"content":{"rendered":"<p style=\"text-align: justify;\">4 de Junio de 2012.- El pasado 31 de Mayo y 1 de Junio tuvo lugar en Madrid el \u201cXVI Encuentro de la Federaci\u00f3n de Antiguos Alumnos y Amigos de las Universidades Espa\u00f1olas\u201d, en la sede de la Escuela de Organizaci\u00f3n Industrial (EOI), a la que van destinadas nuestras primeras palabras de agradecimiento por su magn\u00edfica acogida y hospitalidad.<!--more--><\/p>\n<figure id=\"attachment_742\" aria-describedby=\"caption-attachment-742\" style=\"width: 300px\" class=\"wp-caption alignleft\"><img data-recalc-dims=\"1\" fetchpriority=\"high\" decoding=\"async\" data-attachment-id=\"742\" data-permalink=\"https:\/\/www.alumniespana.es\/nueva\/xvi-encuentro-de-la-federacion-de-antiguos-alumnos-y-amigos-de-las-universidades-espanolas\/xvi-encuentro-2012\/\" data-orig-file=\"https:\/\/i0.wp.com\/www.alumniespana.es\/nueva\/wp-content\/uploads\/2012\/06\/XVI-Encuentro-2012.jpg?fit=450%2C300&amp;ssl=1\" data-orig-size=\"450,300\" data-comments-opened=\"1\" data-image-meta=\"{&quot;aperture&quot;:&quot;0&quot;,&quot;credit&quot;:&quot;&quot;,&quot;camera&quot;:&quot;&quot;,&quot;caption&quot;:&quot;&quot;,&quot;created_timestamp&quot;:&quot;0&quot;,&quot;copyright&quot;:&quot;&quot;,&quot;focal_length&quot;:&quot;0&quot;,&quot;iso&quot;:&quot;0&quot;,&quot;shutter_speed&quot;:&quot;0&quot;,&quot;title&quot;:&quot;&quot;}\" data-image-title=\"XVI Encuentro 2012\" data-image-description=\"\" data-image-caption=\"\" data-medium-file=\"https:\/\/i0.wp.com\/www.alumniespana.es\/nueva\/wp-content\/uploads\/2012\/06\/XVI-Encuentro-2012.jpg?fit=300%2C200&amp;ssl=1\" data-large-file=\"https:\/\/i0.wp.com\/www.alumniespana.es\/nueva\/wp-content\/uploads\/2012\/06\/XVI-Encuentro-2012.jpg?fit=450%2C300&amp;ssl=1\" class=\"wp-image-742 size-medium\" src=\"https:\/\/i0.wp.com\/www.alumniespana.es\/nueva\/wp-content\/uploads\/2012\/06\/XVI-Encuentro-2012.jpg?resize=300%2C200\" alt=\"Foto de todos los asistentes al XVI Encuentro\" width=\"300\" height=\"200\" srcset=\"https:\/\/i0.wp.com\/www.alumniespana.es\/nueva\/wp-content\/uploads\/2012\/06\/XVI-Encuentro-2012.jpg?resize=300%2C200&amp;ssl=1 300w, https:\/\/i0.wp.com\/www.alumniespana.es\/nueva\/wp-content\/uploads\/2012\/06\/XVI-Encuentro-2012.jpg?w=450&amp;ssl=1 450w\" sizes=\"(max-width: 300px) 100vw, 300px\" \/><figcaption id=\"caption-attachment-742\" class=\"wp-caption-text\">Fotograf\u00eda oficial XVI Encuentro en Madrid<\/figcaption><\/figure>\n<p style=\"text-align: justify;\">Durante el Encuentro se realiz\u00f3 la Asamblea General de Socios, de la que debe destacarse la aprobaci\u00f3n del Informe de Gesti\u00f3n y del Presupuesto, la incorporaci\u00f3n de nuevos miembros a la Federaci\u00f3n y a la Junta Directiva, la concesi\u00f3n de los premios Alumni (\u00a1felicidades a los ganadores!), la nueva identidad visual de la Federaci\u00f3n y el apoyo institucional ofrecido tanto a la Conferencia de Rectores de Universidades Espa\u00f1olas (CRUE) como a la Escuela de Ingenier\u00eda Minera e Industrial de Almad\u00e9n (EIMIA), cuyos antiguos alumnos son miembros de la Federaci\u00f3n. Se aprob\u00f3, adem\u00e1s, que el XVII Encuentro a realizar el a\u00f1o pr\u00f3ximo tenga lugar en Murcia, aceptando la propuesta de la Asociaci\u00f3n de Antiguos Alumnos y Amigos de la Universidad de Murcia.<\/p>\n<p style=\"text-align: justify;\">El viernes se llev\u00f3 a cabo una jornada muy interesante sobre Empleabilidad en el \u00e1mbito post-universitario, con destacados ponentes en la materia y animadas intervenciones de la mayor\u00eda de los presentes.<\/p>\n<p style=\"text-align: justify;\">De todos estos aspectos pr\u00f3ximamente os haremos llegar la correspondiente documentaci\u00f3n. Mientras tanto, agradeciendo vuestra presencia y anticip\u00e1ndoos nuevas incorporaciones en breve a Alumni Espa\u00f1a (nueva denominaci\u00f3n de la Federaci\u00f3n), os adelantamos la tradicional foto de grupo con la mayor\u00eda de los asistentes.<\/p>\n<p style=\"text-align: center;\">\n<p>&nbsp;<\/p>\n","protected":false},"excerpt":{"rendered":"<p>4 de Junio de 2012.- El pasado 31 de Mayo y 1 de Junio tuvo lugar en Madrid el \u201cXVI Encuentro de la Federaci\u00f3n de <a href=\"https:\/\/www.alumniespana.es\/nueva\/xvi-encuentro-de-la-federacion-de-antiguos-alumnos-y-amigos-de-las-universidades-espanolas\/\" class=\"btn btn-link continue-link\">Seguir leyendo<\/a><\/p>\n","protected":false},"author":8,"featured_media":742,"comment_status":"open","ping_status":"open","sticky":false,"template":"","format":"standard","meta":{"jetpack_post_was_ever_published":false,"_jetpack_newsletter_access":"","_jetpack_dont_email_post_to_subs":false,"_jetpack_newsletter_tier_id":0,"_jetpack_memberships_contains_paywalled_content":false,"_jetpack_memberships_contains_paid_content":false,"footnotes":"","jetpack_publicize_message":"","jetpack_publicize_feature_enabled":true,"jetpack_social_post_already_shared":false,"jetpack_social_options":{"image_generator_settings":{"template":"highway","enabled":false},"version":2}},"categories":[6],"tags":[],"class_list":["post-441","post","type-post","status-publish","format-standard","has-post-thumbnail","hentry","category-noticias"],"jetpack_publicize_connections":[],"jetpack_featured_media_url":"https:\/\/i0.wp.com\/www.alumniespana.es\/nueva\/wp-content\/uploads\/2012\/06\/XVI-Encuentro-2012.jpg?fit=450%2C300&ssl=1","jetpack_sharing_enabled":true,"jetpack_shortlink":"https:\/\/wp.me\/pgqjCh-77","jetpack-related-posts":[],"_links":{"self":[{"href":"https:\/\/www.alumniespana.es\/nueva\/wp-json\/wp\/v2\/posts\/441","targetHints":{"allow":["GET"]}}],"collection":[{"href":"https:\/\/www.alumniespana.es\/nueva\/wp-json\/wp\/v2\/posts"}],"about":[{"href":"https:\/\/www.alumniespana.es\/nueva\/wp-json\/wp\/v2\/types\/post"}],"author":[{"embeddable":true,"href":"https:\/\/www.alumniespana.es\/nueva\/wp-json\/wp\/v2\/users\/8"}],"replies":[{"embeddable":true,"href":"https:\/\/www.alumniespana.es\/nueva\/wp-json\/wp\/v2\/comments?post=441"}],"version-history":[{"count":0,"href":"https:\/\/www.alumniespana.es\/nueva\/wp-json\/wp\/v2\/posts\/441\/revisions"}],"wp:featuredmedia":[{"embeddable":true,"href":"https:\/\/www.alumniespana.es\/nueva\/wp-json\/wp\/v2\/media\/742"}],"wp:attachment":[{"href":"https:\/\/www.alumniespana.es\/nueva\/wp-json\/wp\/v2\/media?parent=441"}],"wp:term":[{"taxonomy":"category","embeddable":true,"href":"https:\/\/www.alumniespana.es\/nueva\/wp-json\/wp\/v2\/categories?post=441"},{"taxonomy":"post_tag","embeddable":true,"href":"https:\/\/www.alumniespana.es\/nueva\/wp-json\/wp\/v2\/tags?post=441"}],"curies":[{"name":"wp","href":"https:\/\/api.w.org\/{rel}","templated":true}]}}