{"id":440,"date":"2012-10-22T14:23:34","date_gmt":"2012-10-22T14:23:34","guid":{"rendered":"http:\/\/www.alumniespana.es\/nueva\/?p=319"},"modified":"2014-05-19T18:55:57","modified_gmt":"2014-05-19T18:55:57","slug":"certiuni-recibe-el-premio-cegos-en-formacion-y-desarrollo","status":"publish","type":"post","link":"https:\/\/www.alumniespana.es\/nueva\/certiuni-recibe-el-premio-cegos-en-formacion-y-desarrollo\/","title":{"rendered":"CERTIUNI RECIBE EL PREMIO CEGOS EN FORMACI\u00d3N Y DESARROLLO"},"content":{"rendered":"<p style=\"text-align: justify;\">Madrid, 22 de octubre de 2012.- En la edici\u00f3n de este 2012 de los Premios Cegos con Equipos&amp;Talento, organizados por Tea Cegos y Equipos&amp;Talento, <span style=\"text-decoration: underline;\">CRUE y su proyecto\u00a0<\/span><span style=\"text-decoration: underline;\">CertiUni<\/span>\u00a0ha sido galardonado con una <b>Distinci\u00f3n Especial en la Categor\u00eda de Selecci\u00f3n e Integraci\u00f3n<\/b>; un premio que reconoce la innovaci\u00f3n, modelizaci\u00f3n, valor a\u00f1adido y diferenciaci\u00f3n en las organizaciones. Parte de este m\u00e9rito es para Alumni Espa\u00f1a quien es socio colaborador del proyecto dando soporte para la integraci\u00f3n del proyecto en las distintas asociaciones de antiguos alumnos y oficinas alumnis de las universidades para poderse llevar a cabo.<\/p>\n<p style=\"text-align: justify;\"><!--more--><\/p>\n<p style=\"text-align: justify;\"><img data-recalc-dims=\"1\" decoding=\"async\" data-attachment-id=\"736\" data-permalink=\"https:\/\/www.alumniespana.es\/nueva\/certiuni-recibe-el-premio-cegos-en-formacion-y-desarrollo\/plataforma-certiuni-premio-cegos\/\" data-orig-file=\"https:\/\/i0.wp.com\/www.alumniespana.es\/nueva\/wp-content\/uploads\/2012\/10\/plataforma-CERTIUNI-premio-cegos.jpg?fit=550%2C290&amp;ssl=1\" data-orig-size=\"550,290\" data-comments-opened=\"1\" data-image-meta=\"{&quot;aperture&quot;:&quot;0&quot;,&quot;credit&quot;:&quot;&quot;,&quot;camera&quot;:&quot;&quot;,&quot;caption&quot;:&quot;&quot;,&quot;created_timestamp&quot;:&quot;0&quot;,&quot;copyright&quot;:&quot;&quot;,&quot;focal_length&quot;:&quot;0&quot;,&quot;iso&quot;:&quot;0&quot;,&quot;shutter_speed&quot;:&quot;0&quot;,&quot;title&quot;:&quot;&quot;}\" data-image-title=\"plataforma-CERTIUNI-premio-cegos\" data-image-description=\"\" data-image-caption=\"\" data-medium-file=\"https:\/\/i0.wp.com\/www.alumniespana.es\/nueva\/wp-content\/uploads\/2012\/10\/plataforma-CERTIUNI-premio-cegos.jpg?fit=300%2C158&amp;ssl=1\" data-large-file=\"https:\/\/i0.wp.com\/www.alumniespana.es\/nueva\/wp-content\/uploads\/2012\/10\/plataforma-CERTIUNI-premio-cegos.jpg?fit=550%2C290&amp;ssl=1\" class=\"alignleft size-medium wp-image-736\" src=\"https:\/\/i0.wp.com\/www.alumniespana.es\/nueva\/wp-content\/uploads\/2012\/10\/plataforma-CERTIUNI-premio-cegos.jpg?resize=300%2C158\" alt=\"plataforma-CERTIUNI-premio-cegos\" width=\"300\" height=\"158\" srcset=\"https:\/\/i0.wp.com\/www.alumniespana.es\/nueva\/wp-content\/uploads\/2012\/10\/plataforma-CERTIUNI-premio-cegos.jpg?resize=300%2C158&amp;ssl=1 300w, https:\/\/i0.wp.com\/www.alumniespana.es\/nueva\/wp-content\/uploads\/2012\/10\/plataforma-CERTIUNI-premio-cegos.jpg?w=550&amp;ssl=1 550w\" sizes=\"(max-width: 300px) 100vw, 300px\" \/>El presidente de CERTIUNI y rector de la Universidad de Huelva, Francisco Jos\u00e9 Mart\u00ednez, que ha recogido el premio, ha manifestado la importancia de la certificaci\u00f3n en el \u00e1mbito universitario, ya que considera esencial que \u201clos alumnos puedan acreditar todas las competencias que incluyan en su curr\u00edculo\u201d. Por otro lado, ha puntualizado que con iniciativas como esta plataforma, se promueve que \u201cla cultura de la certificaci\u00f3n se siga desarrollando en nuestro pa\u00eds\u201d. Adem\u00e1s, ha considerado que el \u00e9xito de CERTIUNI reside en que \u201cse unen las universidades, la administraci\u00f3n p\u00fablica y las empresas\u201d, con el fin de servir a la formaci\u00f3n, certificaci\u00f3n y posterior empleo de los estudiantes.<\/p>\n<p style=\"text-align: justify;\">Este mismo a\u00f1o, L\u2019Or\u00e9al, Acciona, Faurecia, Electrolux, Grupo Calvo, REE, Seur, MSD, BSH Electrodom\u00e9sticos han sido galardonados en los Premios Cegos con Equipos&amp;Talento a las Mejores Pr\u00e1cticas en RRHH 2012. Por otro lado, adem\u00e1s de la Conferencia Rectores de Universidades Espa\u00f1olas (CRUE), La Caixa, Gamesa y Sodexo han sido reconocidos con distinciones especiales.<\/p>\n<p style=\"text-align: justify;\">\u00a0<a title=\"Haz clic para m\u00e1s informaci\u00f3n\" href=\" http:\/\/www.equiposytalento.com\/premios-cegos\/\" target=\"_blank\">M\u00e1s informaci\u00f3n<\/a><\/p>\n","protected":false},"excerpt":{"rendered":"<p>Madrid, 22 de octubre de 2012.- En la edici\u00f3n de este 2012 de los Premios Cegos con Equipos&amp;Talento, organizados por Tea Cegos y Equipos&amp;Talento, CRUE <a href=\"https:\/\/www.alumniespana.es\/nueva\/certiuni-recibe-el-premio-cegos-en-formacion-y-desarrollo\/\" class=\"btn btn-link continue-link\">Seguir leyendo<\/a><\/p>\n","protected":false},"author":8,"featured_media":736,"comment_status":"open","ping_status":"open","sticky":false,"template":"","format":"standard","meta":{"jetpack_post_was_ever_published":false,"_jetpack_newsletter_access":"","_jetpack_dont_email_post_to_subs":false,"_jetpack_newsletter_tier_id":0,"_jetpack_memberships_contains_paywalled_content":false,"_jetpack_memberships_contains_paid_content":false,"footnotes":"","jetpack_publicize_message":"","jetpack_publicize_feature_enabled":true,"jetpack_social_post_already_shared":false,"jetpack_social_options":{"image_generator_settings":{"template":"highway","enabled":false},"version":2}},"categories":[6],"tags":[],"class_list":["post-440","post","type-post","status-publish","format-standard","has-post-thumbnail","hentry","category-noticias"],"jetpack_publicize_connections":[],"jetpack_featured_media_url":"https:\/\/i0.wp.com\/www.alumniespana.es\/nueva\/wp-content\/uploads\/2012\/10\/plataforma-CERTIUNI-premio-cegos.jpg?fit=550%2C290&ssl=1","jetpack_sharing_enabled":true,"jetpack_shortlink":"https:\/\/wp.me\/pgqjCh-76","jetpack-related-posts":[],"_links":{"self":[{"href":"https:\/\/www.alumniespana.es\/nueva\/wp-json\/wp\/v2\/posts\/440","targetHints":{"allow":["GET"]}}],"collection":[{"href":"https:\/\/www.alumniespana.es\/nueva\/wp-json\/wp\/v2\/posts"}],"about":[{"href":"https:\/\/www.alumniespana.es\/nueva\/wp-json\/wp\/v2\/types\/post"}],"author":[{"embeddable":true,"href":"https:\/\/www.alumniespana.es\/nueva\/wp-json\/wp\/v2\/users\/8"}],"replies":[{"embeddable":true,"href":"https:\/\/www.alumniespana.es\/nueva\/wp-json\/wp\/v2\/comments?post=440"}],"version-history":[{"count":0,"href":"https:\/\/www.alumniespana.es\/nueva\/wp-json\/wp\/v2\/posts\/440\/revisions"}],"wp:featuredmedia":[{"embeddable":true,"href":"https:\/\/www.alumniespana.es\/nueva\/wp-json\/wp\/v2\/media\/736"}],"wp:attachment":[{"href":"https:\/\/www.alumniespana.es\/nueva\/wp-json\/wp\/v2\/media?parent=440"}],"wp:term":[{"taxonomy":"category","embeddable":true,"href":"https:\/\/www.alumniespana.es\/nueva\/wp-json\/wp\/v2\/categories?post=440"},{"taxonomy":"post_tag","embeddable":true,"href":"https:\/\/www.alumniespana.es\/nueva\/wp-json\/wp\/v2\/tags?post=440"}],"curies":[{"name":"wp","href":"https:\/\/api.w.org\/{rel}","templated":true}]}}