{"id":439,"date":"2012-11-19T14:09:10","date_gmt":"2012-11-19T14:09:10","guid":{"rendered":"http:\/\/www.alumniespana.es\/nueva\/?p=313"},"modified":"2014-05-19T18:55:25","modified_gmt":"2014-05-19T18:55:25","slug":"almaden-ciudad-real-ha-sido-declarada-patrimonio-de-la-humanidad","status":"publish","type":"post","link":"https:\/\/www.alumniespana.es\/nueva\/almaden-ciudad-real-ha-sido-declarada-patrimonio-de-la-humanidad\/","title":{"rendered":"ALMAD\u00c9N DECLARADA PATRIMONIO DE LA HUMANIDAD"},"content":{"rendered":"<p style=\"text-align: justify;\">19\u00a0de Noviembre 2012.- La localidad ciudadreale\u00f1a de Almad\u00e9n (Ciudad Real) ha sido declarada Patrimonio de la Humanidad por el Comit\u00e9 del Patrimonio Mundial de la UNESCO este 2012, por la candidatura \u00abPatrimonio del Mercurio Idria y Almad\u00e9n\u00bb, reconociendo as\u00ed su car\u00e1cter hist\u00f3rico y convirti\u00e9ndose a su vez, en la tercera ciudad castellano-manchega en conseguir esta distinci\u00f3n.<!--more--><\/p>\n<p style=\"text-align: justify;\">Almad\u00e9n a parte de poseer unas importantes minas de cinabrio, mineral del que se extrae el mercurio cuyas reservas son las m\u00e1s grandes del mundo, tambi\u00e9n es la sede de la Escuela de Ingenier\u00eda Minera e Industrial de Almad\u00e9n que en la actualidad es miembro de Alumni Espa\u00f1a.<\/p>\n<p style=\"text-align: justify;\"><b>Patrimonio de la Humanidad<br \/>\n<\/b>Titulo que concede la UNESCO a sitios espec\u00edficos del planeta, para catalogar, preservar y dar a conocer sitios de\u00a0<a title=\"Patrimonio cultural\" href=\"http:\/\/es.wikipedia.org\/wiki\/Patrimonio_cultural\">importancia cultural<\/a>\u00a0o\u00a0<a title=\"Patrimonio natural\" href=\"http:\/\/es.wikipedia.org\/wiki\/Patrimonio_natural\">natural<\/a>\u00a0excepcional para la herencia com\u00fan de la humanidad. Fue fundado por la Convenci\u00f3n para la cooperaci\u00f3n internacional en la protecci\u00f3n de la herencia cultural y natural de la humanidad, y en la actualidad, el cat\u00e1logo consta de un total de 962 sitios, de los cuales 745 son culturales, 188 naturales y 29 mixtos, distribuidos en 157 pa\u00edses.<\/p>\n<div class=\"geodir-embed-container\">\n<div class=\"jetpack-video-wrapper\"><span class=\"embed-youtube\" style=\"text-align:center; display: block;\"><iframe class=\"youtube-player\" width=\"640\" height=\"360\" src=\"https:\/\/www.youtube.com\/embed\/BroGNlwlEaE?version=3&#038;rel=1&#038;showsearch=0&#038;showinfo=1&#038;iv_load_policy=1&#038;fs=1&#038;hl=es-ES&#038;autohide=2&#038;wmode=transparent\" allowfullscreen=\"true\" style=\"border:0;\" sandbox=\"allow-scripts allow-same-origin allow-popups allow-presentation allow-popups-to-escape-sandbox\"><\/iframe><\/span><\/div>\n<\/div>\n","protected":false},"excerpt":{"rendered":"<p>19\u00a0de Noviembre 2012.- La localidad ciudadreale\u00f1a de Almad\u00e9n (Ciudad Real) ha sido declarada Patrimonio de la Humanidad por el Comit\u00e9 del Patrimonio Mundial de la <a href=\"https:\/\/www.alumniespana.es\/nueva\/almaden-ciudad-real-ha-sido-declarada-patrimonio-de-la-humanidad\/\" class=\"btn btn-link continue-link\">Seguir leyendo<\/a><\/p>\n","protected":false},"author":8,"featured_media":734,"comment_status":"open","ping_status":"open","sticky":false,"template":"","format":"standard","meta":{"jetpack_post_was_ever_published":false,"_jetpack_newsletter_access":"","_jetpack_dont_email_post_to_subs":false,"_jetpack_newsletter_tier_id":0,"_jetpack_memberships_contains_paywalled_content":false,"_jetpack_memberships_contains_paid_content":false,"footnotes":"","jetpack_publicize_message":"","jetpack_publicize_feature_enabled":true,"jetpack_social_post_already_shared":false,"jetpack_social_options":{"image_generator_settings":{"template":"highway","enabled":false},"version":2}},"categories":[6],"tags":[],"class_list":["post-439","post","type-post","status-publish","format-standard","has-post-thumbnail","hentry","category-noticias"],"jetpack_publicize_connections":[],"jetpack_featured_media_url":"https:\/\/i0.wp.com\/www.alumniespana.es\/nueva\/wp-content\/uploads\/2012\/11\/almaden-patrimonio.jpeg?fit=567%2C377&ssl=1","jetpack_sharing_enabled":true,"jetpack_shortlink":"https:\/\/wp.me\/pgqjCh-75","jetpack-related-posts":[],"_links":{"self":[{"href":"https:\/\/www.alumniespana.es\/nueva\/wp-json\/wp\/v2\/posts\/439","targetHints":{"allow":["GET"]}}],"collection":[{"href":"https:\/\/www.alumniespana.es\/nueva\/wp-json\/wp\/v2\/posts"}],"about":[{"href":"https:\/\/www.alumniespana.es\/nueva\/wp-json\/wp\/v2\/types\/post"}],"author":[{"embeddable":true,"href":"https:\/\/www.alumniespana.es\/nueva\/wp-json\/wp\/v2\/users\/8"}],"replies":[{"embeddable":true,"href":"https:\/\/www.alumniespana.es\/nueva\/wp-json\/wp\/v2\/comments?post=439"}],"version-history":[{"count":0,"href":"https:\/\/www.alumniespana.es\/nueva\/wp-json\/wp\/v2\/posts\/439\/revisions"}],"wp:featuredmedia":[{"embeddable":true,"href":"https:\/\/www.alumniespana.es\/nueva\/wp-json\/wp\/v2\/media\/734"}],"wp:attachment":[{"href":"https:\/\/www.alumniespana.es\/nueva\/wp-json\/wp\/v2\/media?parent=439"}],"wp:term":[{"taxonomy":"category","embeddable":true,"href":"https:\/\/www.alumniespana.es\/nueva\/wp-json\/wp\/v2\/categories?post=439"},{"taxonomy":"post_tag","embeddable":true,"href":"https:\/\/www.alumniespana.es\/nueva\/wp-json\/wp\/v2\/tags?post=439"}],"curies":[{"name":"wp","href":"https:\/\/api.w.org\/{rel}","templated":true}]}}