{"id":3550,"date":"2025-11-25T10:58:56","date_gmt":"2025-11-25T10:58:56","guid":{"rendered":"https:\/\/www.alumniespana.es\/nueva\/?p=3550"},"modified":"2025-11-25T10:58:56","modified_gmt":"2025-11-25T10:58:56","slug":"alumni-espana-celebra-con-exito-su-asamblea-general-y-su-xxix-encuentro-interestatal-de-entidades-alumni-de-las-universidades-espanolas-en-madrid","status":"publish","type":"post","link":"https:\/\/www.alumniespana.es\/nueva\/alumni-espana-celebra-con-exito-su-asamblea-general-y-su-xxix-encuentro-interestatal-de-entidades-alumni-de-las-universidades-espanolas-en-madrid\/","title":{"rendered":"Alumni Espa\u00f1a celebra con \u00e9xito su asamblea general y su XXIX encuentro interestatal de entidades alumni de las universidades espa\u00f1olas en Madrid"},"content":{"rendered":"<p><em>Las Facultades de Educaci\u00f3n y Psicolog\u00eda de la UNED ubicada en la Ciudad Universitaria de Madrid acogi\u00f3 el XXIX Encuentro Alumni Espa\u00f1a, bajo el t\u00edtulo de \u2018Rankings que marcan el camino, microcredenciales que impulsan, redes que unen\u2019 y ha servido para seguir promoviendo el movimiento Alumni en la\u00a0Pen\u00ednsula Ib\u00e9rica.<\/em><\/p>\n<p>Durante los d\u00edas 20 y 21 de noviembre del 2025, la ciudad de M\u00e1drid acogi\u00f3 la celebraci\u00f3n del XXIX Encuentro de Asociaciones de Antiguos Alumnos y Amigos de las Universidades Espa\u00f1olas y su Asamblea General. Este encuentro lo convoca cada a\u00f1o Alumni Espa\u00f1a (Federaci\u00f3n de Asociaciones de Antiguos Alumnos y Amigos de las Universidades Espa\u00f1olas) entidad que ya cuenta con m\u00e1s de 40 Asociaciones de egresados universitarios, y lo<br \/>\norganiza una de las asociaciones federadas. En est\u00e1 ocasi\u00f3n, ALUMNI UNED junto a la Fundacion de la UNED las encargadas de la organizaci\u00f3n que tuvo el honor de acoger este encuentro por segunda vez en la ciudad de Madrid, desde que en 1997 se organizase el primero en Madrid.<\/p>\n<p>En el Encuentro Alumni Espa\u00f1a han participado m\u00e1s de cien personas pertenecientes a cuarenta universidades espa\u00f1olas y numerosas autoridades del \u00e1mbito acad\u00e9mico e institucional. Bajo el t\u00edtulo \u2018Rankings que marcan el<br \/>\ncamino, microcredenciales que impulsan, redes que unen\u2019, su objetivo es fortalecer la red de antiguos alumnos y fomentar la colaboraci\u00f3n entre diversos actores sociales y econ\u00f3micos.<\/p>\n<p>El XXIX Encuentro de Entidades Alumni tuvo una vertiente acad\u00e9mica e institucional, y otra dedicada a las entidades que agrupan a los antiguos alumnos y amigos de las universidades espa\u00f1olas, sin olvidar la dimensi\u00f3n de<br \/>\nrelaci\u00f3n personal y cultural que siempre facilitan este tipo de reuniones. Fueron invitados adem\u00e1s de los miembros de la red de Alumni, la Coordinadora de Representantes de Estudiantes de Universidades P\u00fablicas (CREUP), la Conferencia de Rectores de las Universidades Espa\u00f1olas (CRUE), asi como a la Secretaria General de Universidades y la Conferencia de Consejos Sociales de las Universidades espa\u00f1olas, ya que parte de ellos conforman el Consejo Asesor Alumni Espa\u00f1a.<\/p>\n<p>El evento dio comienzo el jueves 20 de noviembre, en la facultada de educaci\u00f3n de la UNED. Cerca de 100 personas acudieron a la apertura donde recibieron sus acreditaciones.\u00a0El acto de inauguraci\u00f3n cont\u00f3 con la presencia del rector de la Universidad de M\u00e1laga, D. Ricardo Mairal Us\u00f3n, acompa\u00f1ado del presidente de Alumni\u00a0Espa\u00f1a, D. Antonio Jos\u00e9 Redondo, y de. delegada proyecto alumni, Mar\u00eda \u00c1ngeles Gonz\u00e1lez Gal\u00e1n, junto al Catedr\u00e1tico de Bioqu\u00edmica actualmente Director Fundaci\u00f3n Madri+d, D Federico Moran Abad. Acto Seguido tuvo lugar Mesa redonda Inaugural y presentaci\u00f3n de QS World University Ranking. Fue modera por D. Jos\u00e9 Mar\u00eda Coello de Portugal Mart\u00ednez del Peral, Vicerrector U. Complutense y participaran de forma magistral D. Leonardo Andrade, director de QS Europa, D. Joaqu\u00edn Goyache Go\u00f1i, Rector UCM, D. Jos\u00e9 Rodr\u00edguez Quintero, Rector de la UHU, D. Segundo P\u00edriz Dur\u00e1n, Rector de UNIE.<\/p>\n<p>Para cerrar la jornada del jueves se procedi\u00f3 a la presentaci\u00f3n de los galardonados con el Premio Alumni Distinguido 2025, fueron presentados por el Fulgencio Prat Hurtado.<\/p>\n<p><a href=\"https:\/\/i0.wp.com\/www.alumniespana.es\/nueva\/wp-content\/uploads\/2025\/11\/encuentro-XXI-4.jpeg\"><img data-recalc-dims=\"1\" fetchpriority=\"high\" decoding=\"async\" data-attachment-id=\"3554\" data-permalink=\"https:\/\/www.alumniespana.es\/nueva\/alumni-espana-celebra-con-exito-su-asamblea-general-y-su-xxix-encuentro-interestatal-de-entidades-alumni-de-las-universidades-espanolas-en-madrid\/encuentro-xxi-4\/\" data-orig-file=\"https:\/\/i0.wp.com\/www.alumniespana.es\/nueva\/wp-content\/uploads\/2025\/11\/encuentro-XXI-4.jpeg?fit=1200%2C1600&amp;ssl=1\" data-orig-size=\"1200,1600\" data-comments-opened=\"0\" data-image-meta=\"{&quot;aperture&quot;:&quot;0&quot;,&quot;credit&quot;:&quot;&quot;,&quot;camera&quot;:&quot;&quot;,&quot;caption&quot;:&quot;&quot;,&quot;created_timestamp&quot;:&quot;0&quot;,&quot;copyright&quot;:&quot;&quot;,&quot;focal_length&quot;:&quot;0&quot;,&quot;iso&quot;:&quot;0&quot;,&quot;shutter_speed&quot;:&quot;0&quot;,&quot;title&quot;:&quot;&quot;,&quot;orientation&quot;:&quot;0&quot;}\" data-image-title=\"encuentro XXI -4\" data-image-description=\"\" data-image-caption=\"\" data-medium-file=\"https:\/\/i0.wp.com\/www.alumniespana.es\/nueva\/wp-content\/uploads\/2025\/11\/encuentro-XXI-4.jpeg?fit=225%2C300&amp;ssl=1\" data-large-file=\"https:\/\/i0.wp.com\/www.alumniespana.es\/nueva\/wp-content\/uploads\/2025\/11\/encuentro-XXI-4.jpeg?fit=640%2C853&amp;ssl=1\" class=\"size-medium wp-image-3554 alignleft\" src=\"https:\/\/i0.wp.com\/www.alumniespana.es\/nueva\/wp-content\/uploads\/2025\/11\/encuentro-XXI-4.jpeg?resize=225%2C300\" alt=\"\" width=\"225\" height=\"300\" srcset=\"https:\/\/i0.wp.com\/www.alumniespana.es\/nueva\/wp-content\/uploads\/2025\/11\/encuentro-XXI-4.jpeg?resize=225%2C300&amp;ssl=1 225w, https:\/\/i0.wp.com\/www.alumniespana.es\/nueva\/wp-content\/uploads\/2025\/11\/encuentro-XXI-4.jpeg?resize=768%2C1024&amp;ssl=1 768w, https:\/\/i0.wp.com\/www.alumniespana.es\/nueva\/wp-content\/uploads\/2025\/11\/encuentro-XXI-4.jpeg?resize=1152%2C1536&amp;ssl=1 1152w, https:\/\/i0.wp.com\/www.alumniespana.es\/nueva\/wp-content\/uploads\/2025\/11\/encuentro-XXI-4.jpeg?w=1200&amp;ssl=1 1200w\" sizes=\"(max-width: 225px) 100vw, 225px\" \/><\/a><\/p>\n<p>En esta ocasi\u00f3n se otorgaron las Distinciones Alumni Espa\u00f1a, ya consolidados en su s\u00e9ptima edici\u00f3n, que reconocen la trayectoria excelente y la contribuci\u00f3n activa al movimiento Alumni. Los premiados fueron, \u2022 D\u00aa. Ana Laguna P\u00e9rez, Universidad de Alicante y D. Ricardo Mairal Us\u00f3n, Rector de la UNED. Los distinguidos manifestaron en sus discursos el agradecimiento por este reconocimiento a su labor y su intenci\u00f3n de seguir apoyando al movimiento alumni universitario y a Alumni Espa\u00f1a, que representa a m\u00e1s de 250.000 egresados universitarios.<\/p>\n<p>La jornada del viernes 21 de noviembre comenz\u00f3 con la mesa redonda titulada \u2018Microcredenciales; certificaci\u00f3n de logros de habilidades y competencias\u2019, moderada por el vicerrector de Formaci\u00f3n Permanente y Extensi\u00f3n<br \/>\nUniversitaria de la UNED, D. Miguel \u00c1ngel Santed. En ella han participado Mesa Redonda Microcredenciales D. Francisco Rayo Rosado, responsable del \u00e1rea Educa Sage, D\u00aa. Ana Mar\u00eda Oca\u00f1a Ruiz, directora general de Talentos del Instituto de Gesti\u00f3n de Talentos, D\u00aa. Susana Garc\u00eda Espinel, directora de Santander Universidades; Universia Espa\u00f1a. Los ponentes destacaron el papel de las microcredenciales como una excelente oportunidad para fortalecer la educaci\u00f3n a lo largo de la vida. Uno de los puntos que ha generado mayor consenso es la necesidad de garantizar que los profesionales puedan acceder a estos nuevos t\u00edtulos, de muy corta duraci\u00f3n y compatibles con el ejercicio de una actividad laboral, mejorando las partidas destinadas a becas y ayudas, con el fin de evitar que nadie quede excluido por razones econ\u00f3micas.<\/p>\n<p>Adem\u00e1s, se apunt\u00f3 que el \u00e9xito de esta iniciativa depender\u00e1 de la capacidad para identificar con precisi\u00f3n las necesidades de formaci\u00f3n en los sectores productivos, administraciones y entidades sociales, de modo que la formaci\u00f3n en microcredenciales contribuya eficazmente a las necesidades reales de recualificaci\u00f3n de profesionales y, por consiguiente, al progreso del entorno.<br \/>\nTras una pausa para un breve, pero reconstituyente caf\u00e9, se dio paso a la segunda parte del d\u00eda la celebraci\u00f3n de la Asamblea General de Socios de Alumni Espa\u00f1a donde D. Antonio Jos\u00e9 Redondo Garc\u00eda, Presidente de Alumni<br \/>\nEspa\u00f1a, procedi\u00f3 a exponer las actuaciones m\u00e1s relevantes de la entidad durante este \u00faltimo a\u00f1o y la presentaci\u00f3n de las cuentas. Para terminar la asamblea se produjo la intervenci\u00f3n de D. Francisco Jos\u00e9 Mart\u00ednez L\u00f3pez,<\/p>\n<p>Presidente del Consejo Asesor Alumni, expuso el Informe del Consejo Asesor Alumni Espa\u00f1a. Asimismo, y en virtud al acuerdo llegado durante la Asamblea y seg\u00fan acordaron las asociaciones asistentes a este evento, el pr\u00f3ximo Encuentro de Asociaciones de Antiguos Alumnos y Amigos de las Universidades Espa\u00f1olas, que cumplir\u00e1 su XXX edici\u00f3n, se celebrar\u00e1 en la Universidad de Santiago de Compostela organizado por la Asociaci\u00f3n de<br \/>\nantigos alumnos e alumnas, amigos e amigas da Universidade de Santiago de Compostela, Alumni USC.<\/p>\n<p>Presentaci\u00f3n QS World University Ranking por part de D. Leonardo Andrade, director de QS Europa, y D. Martin Serrano, director producto innovaci\u00f3n, desarrollo QS.\u00a0Por \u00faltimo, tuvo lugar al acto de clausura con la intervenci\u00f3n de D. Antonio Jos\u00e9 Redondo, presidente de Alumni Espa\u00f1a, que brindaron a los presentes unas inestimables palabras mostraron su agradecimiento por participar del encuentro y sobre todo a UNED por el esfuerzo y desempe\u00f1o demostrado en la realizaci\u00f3n del XXIX Encuentro.<\/p>\n<p>Durante este encuentro se han fortalecido las relaciones con la UNED y la empresa QS RANKING firmando sendos convenios que redundaran en beneficio de los federados de Alumni Espa\u00f1a y por ende en sus asociados.<\/p>\n","protected":false},"excerpt":{"rendered":"<p>Las Facultades de Educaci\u00f3n y Psicolog\u00eda de la UNED ubicada en la Ciudad Universitaria de Madrid acogi\u00f3 el XXIX Encuentro Alumni Espa\u00f1a, bajo el t\u00edtulo <a href=\"https:\/\/www.alumniespana.es\/nueva\/alumni-espana-celebra-con-exito-su-asamblea-general-y-su-xxix-encuentro-interestatal-de-entidades-alumni-de-las-universidades-espanolas-en-madrid\/\" class=\"btn btn-link continue-link\">Seguir leyendo<\/a><\/p>\n","protected":false},"author":6,"featured_media":3551,"comment_status":"closed","ping_status":"open","sticky":false,"template":"","format":"standard","meta":{"jetpack_post_was_ever_published":false,"_jetpack_newsletter_access":"","_jetpack_dont_email_post_to_subs":false,"_jetpack_newsletter_tier_id":0,"_jetpack_memberships_contains_paywalled_content":false,"_jetpack_memberships_contains_paid_content":false,"footnotes":"","jetpack_publicize_message":"","jetpack_publicize_feature_enabled":true,"jetpack_social_post_already_shared":true,"jetpack_social_options":{"image_generator_settings":{"template":"highway","enabled":false},"version":2}},"categories":[1],"tags":[],"class_list":["post-3550","post","type-post","status-publish","format-standard","has-post-thumbnail","hentry","category-eventos"],"jetpack_publicize_connections":[],"jetpack_featured_media_url":"https:\/\/i0.wp.com\/www.alumniespana.es\/nueva\/wp-content\/uploads\/2025\/11\/encuentro-XXI-1.jpeg?fit=1600%2C1200&ssl=1","jetpack_sharing_enabled":true,"jetpack_shortlink":"https:\/\/wp.me\/pgqjCh-Vg","jetpack-related-posts":[],"_links":{"self":[{"href":"https:\/\/www.alumniespana.es\/nueva\/wp-json\/wp\/v2\/posts\/3550","targetHints":{"allow":["GET"]}}],"collection":[{"href":"https:\/\/www.alumniespana.es\/nueva\/wp-json\/wp\/v2\/posts"}],"about":[{"href":"https:\/\/www.alumniespana.es\/nueva\/wp-json\/wp\/v2\/types\/post"}],"author":[{"embeddable":true,"href":"https:\/\/www.alumniespana.es\/nueva\/wp-json\/wp\/v2\/users\/6"}],"replies":[{"embeddable":true,"href":"https:\/\/www.alumniespana.es\/nueva\/wp-json\/wp\/v2\/comments?post=3550"}],"version-history":[{"count":0,"href":"https:\/\/www.alumniespana.es\/nueva\/wp-json\/wp\/v2\/posts\/3550\/revisions"}],"wp:featuredmedia":[{"embeddable":true,"href":"https:\/\/www.alumniespana.es\/nueva\/wp-json\/wp\/v2\/media\/3551"}],"wp:attachment":[{"href":"https:\/\/www.alumniespana.es\/nueva\/wp-json\/wp\/v2\/media?parent=3550"}],"wp:term":[{"taxonomy":"category","embeddable":true,"href":"https:\/\/www.alumniespana.es\/nueva\/wp-json\/wp\/v2\/categories?post=3550"},{"taxonomy":"post_tag","embeddable":true,"href":"https:\/\/www.alumniespana.es\/nueva\/wp-json\/wp\/v2\/tags?post=3550"}],"curies":[{"name":"wp","href":"https:\/\/api.w.org\/{rel}","templated":true}]}}