{"id":3529,"date":"2025-09-12T15:08:00","date_gmt":"2025-09-12T15:08:00","guid":{"rendered":"https:\/\/www.alumniespana.es\/nueva\/?p=3529"},"modified":"2025-09-16T10:00:36","modified_gmt":"2025-09-16T10:00:36","slug":"seminario-retos-y-oportunidades-de-la-nueva-facturacion-electronica-y-sus-obligaciones-legales","status":"publish","type":"post","link":"https:\/\/www.alumniespana.es\/nueva\/seminario-retos-y-oportunidades-de-la-nueva-facturacion-electronica-y-sus-obligaciones-legales\/","title":{"rendered":"Seminario: Retos y oportunidades de la nueva facturaci\u00f3n electr\u00f3nica y sus obligaciones legales"},"content":{"rendered":"<p>Desde Alumni Espa\u00f1a, en colaboraci\u00f3n con Sage, queremos invitarte a\u00a0<strong>un seminario online, exclusivo y gratuito en el que abordaremos los retos y oportunidades de la nueva facturaci\u00f3n electr\u00f3nica y sus obligaciones legales.<\/strong> Dicho evento ser\u00e1 el pr\u00f3ximo viernes 26 de septiembre por la ma\u00f1ana alrededor de las 10:00 h.<\/p>\n<p>Sage, l\u00edder global en soluciones de gesti\u00f3n empresarial para pymes, acompa\u00f1a a miles de negocios en su transformaci\u00f3n digital, ofreciendo herramientas inteligentes que simplifican la contabilidad, la gesti\u00f3n de impuestos y la adaptaci\u00f3n normativa. En este evento, sus expertos te ayudar\u00e1n a prepararte para los cambios legales que te afectar\u00e1n en el pr\u00f3ximo a\u00f1o y la transici\u00f3n a una facturaci\u00f3n electr\u00f3nica.<\/p>\n<p><strong>\u00bfQu\u00e9 trataremos en este seminario?<\/strong><\/p>\n<ol>\n<li>Contexto global<br \/>\nLa facturaci\u00f3n electr\u00f3nica est\u00e1 transformando la forma de operar en todo el mundo. Te presentaremos los resultados de un estudio realizado a m\u00e1s de 9.000 pymes sobre los beneficios y retos clave de esta evoluci\u00f3n.<\/li>\n<li>Obligaciones en Espa\u00f1a<br \/>\nConoce las claves de la Ley Crea y Crece y la Ley Antifraude: \u00bfA qui\u00e9n afectan? \u00bfCu\u00e1ndo entran en vigor? \u00bfQu\u00e9 implicaciones tienen para tu empresa?<\/li>\n<li>Prep\u00e1rate para dar el paso<br \/>\nTe ofreceremos una gu\u00eda pr\u00e1ctica para que puedas evaluar tu situaci\u00f3n actual y empezar a adaptarte hoy mismo, evitando prisas de \u00faltima hora.<\/li>\n<\/ol>\n<p><strong>Conoce a los ponentes de Sage<\/strong><\/p>\n<p>Xavier Murciano \u2013 Product Manager para soluciones small y medium en Sage<br \/>\nAntonio Rold\u00e1n \u2013 Growth Product Manager para small en Sage<\/p>\n<p>Estos expertos compartir\u00e1n contigo su experiencia y consejos para ayudarte a cumplir con la normativa y aprovechar al m\u00e1ximo las oportunidades de digitalizaci\u00f3n.<\/p>\n<p><strong>\u00a0<\/strong><\/p>\n<p>Adem\u00e1s, junto a nuestros compa\u00f1eros, hemos preparado una p\u00e1gina de registro que incluye informaci\u00f3n sobre la colaboraci\u00f3n, la tem\u00e1tica y los ponentes. Os dejo el enlace a continuaci\u00f3n para que no dej\u00e9is de realizar la inscripci\u00f3n:<\/p>\n<p><a href=\"https:\/\/www.sage.com\/es-es\/cp\/facturashow-alumni\/\" data-saferedirecturl=\"https:\/\/www.google.com\/url?q=https:\/\/www.sage.com\/es-es\/cp\/facturashow-alumni\/&amp;source=gmail&amp;ust=1757775560440000&amp;usg=AOvVaw0cAS2GwiKS3LvLAZXiyKYg\">Sage Factura Show exclusivo para Alumni Espa\u00f1a<\/a><\/p>\n<p style=\"font-weight: 400;\">Pod\u00e9is consultar el siguiente art\u00edculo de uno de los ponentes:\u00a0<a href=\"https:\/\/www.sage.com\/es-es\/blog\/ley-antifraude-de-obligacion-a-oportunidad\/\" data-saferedirecturl=\"https:\/\/www.google.com\/url?q=https:\/\/www.sage.com\/es-es\/blog\/ley-antifraude-de-obligacion-a-oportunidad\/&amp;source=gmail&amp;ust=1757775560440000&amp;usg=AOvVaw0ZbbFOBvqtm-VMSQYF9Q3n\">Nueva facturaci\u00f3n electr\u00f3nica : Cumple con Ley Antifraude I Sage<\/a>.<\/p>\n<p style=\"font-weight: 400;\"><strong>Para inscribirte en el seminario:<\/strong> <a href=\"https:\/\/www.sage.com\/es-es\/cp\/facturashow-alumni\/\" data-saferedirecturl=\"https:\/\/www.google.com\/url?q=https:\/\/www.sage.com\/es-es\/cp\/facturashow-alumni\/&amp;source=gmail&amp;ust=1757775560440000&amp;usg=AOvVaw0cAS2GwiKS3LvLAZXiyKYg\">https:\/\/www.sage.com\/es-es\/cp\/facturashow-alumni\/<\/a><\/p>\n","protected":false},"excerpt":{"rendered":"<p>Desde Alumni Espa\u00f1a, en colaboraci\u00f3n con Sage, queremos invitarte a\u00a0un seminario online, exclusivo y gratuito en el que abordaremos los retos y oportunidades de la <a href=\"https:\/\/www.alumniespana.es\/nueva\/seminario-retos-y-oportunidades-de-la-nueva-facturacion-electronica-y-sus-obligaciones-legales\/\" class=\"btn btn-link continue-link\">Seguir leyendo<\/a><\/p>\n","protected":false},"author":6,"featured_media":3530,"comment_status":"closed","ping_status":"open","sticky":false,"template":"","format":"standard","meta":{"jetpack_post_was_ever_published":false,"_jetpack_newsletter_access":"","_jetpack_dont_email_post_to_subs":false,"_jetpack_newsletter_tier_id":0,"_jetpack_memberships_contains_paywalled_content":false,"_jetpack_memberships_contains_paid_content":false,"footnotes":"","jetpack_publicize_message":"","jetpack_publicize_feature_enabled":true,"jetpack_social_post_already_shared":true,"jetpack_social_options":{"image_generator_settings":{"template":"highway","enabled":false},"version":2}},"categories":[6],"tags":[],"class_list":["post-3529","post","type-post","status-publish","format-standard","has-post-thumbnail","hentry","category-noticias"],"jetpack_publicize_connections":[],"jetpack_featured_media_url":"https:\/\/i0.wp.com\/www.alumniespana.es\/nueva\/wp-content\/uploads\/2025\/09\/tpv-mujer.webp?fit=1440%2C961&ssl=1","jetpack_sharing_enabled":true,"jetpack_shortlink":"https:\/\/wp.me\/pgqjCh-UV","jetpack-related-posts":[],"_links":{"self":[{"href":"https:\/\/www.alumniespana.es\/nueva\/wp-json\/wp\/v2\/posts\/3529","targetHints":{"allow":["GET"]}}],"collection":[{"href":"https:\/\/www.alumniespana.es\/nueva\/wp-json\/wp\/v2\/posts"}],"about":[{"href":"https:\/\/www.alumniespana.es\/nueva\/wp-json\/wp\/v2\/types\/post"}],"author":[{"embeddable":true,"href":"https:\/\/www.alumniespana.es\/nueva\/wp-json\/wp\/v2\/users\/6"}],"replies":[{"embeddable":true,"href":"https:\/\/www.alumniespana.es\/nueva\/wp-json\/wp\/v2\/comments?post=3529"}],"version-history":[{"count":0,"href":"https:\/\/www.alumniespana.es\/nueva\/wp-json\/wp\/v2\/posts\/3529\/revisions"}],"wp:featuredmedia":[{"embeddable":true,"href":"https:\/\/www.alumniespana.es\/nueva\/wp-json\/wp\/v2\/media\/3530"}],"wp:attachment":[{"href":"https:\/\/www.alumniespana.es\/nueva\/wp-json\/wp\/v2\/media?parent=3529"}],"wp:term":[{"taxonomy":"category","embeddable":true,"href":"https:\/\/www.alumniespana.es\/nueva\/wp-json\/wp\/v2\/categories?post=3529"},{"taxonomy":"post_tag","embeddable":true,"href":"https:\/\/www.alumniespana.es\/nueva\/wp-json\/wp\/v2\/tags?post=3529"}],"curies":[{"name":"wp","href":"https:\/\/api.w.org\/{rel}","templated":true}]}}