{"id":3526,"date":"2025-06-24T06:03:02","date_gmt":"2025-06-24T06:03:02","guid":{"rendered":"https:\/\/www.alumniespana.es\/nueva\/?p=3526"},"modified":"2025-06-24T06:03:02","modified_gmt":"2025-06-24T06:03:02","slug":"seminario-online-retos-y-oportunidades-de-la-nueva-facturacion-electronica-y-sus-obligaciones-legales","status":"publish","type":"post","link":"https:\/\/www.alumniespana.es\/nueva\/seminario-online-retos-y-oportunidades-de-la-nueva-facturacion-electronica-y-sus-obligaciones-legales\/","title":{"rendered":"Seminario online, retos y oportunidades de la nueva facturaci\u00f3n electr\u00f3nica y sus obligaciones legales"},"content":{"rendered":"<p style=\"font-weight: 400;\">Desde Alumni Espa\u00f1a, en colaboraci\u00f3n con Sage, queremos invitarte a\u00a0<strong>un seminario online, exclusivo y gratuito en el que abordaremos los retos y oportunidades de la nueva facturaci\u00f3n electr\u00f3nica y sus obligaciones legales.<\/strong>\u00a0Dicho evento ser\u00e1 el pr\u00f3ximo\u00a0mi\u00e9rcoles 26 de junio por la tarde alrededor de las 16:00.<\/p>\n<p style=\"font-weight: 400;\">Sage, l\u00edder global en soluciones de gesti\u00f3n empresarial para pymes, acompa\u00f1a a miles de negocios en su transformaci\u00f3n digital, ofreciendo herramientas inteligentes que simplifican la contabilidad, la gesti\u00f3n de impuestos y la adaptaci\u00f3n normativa. En este evento, sus expertos te ayudar\u00e1n a prepararte para los cambios legales que te afectar\u00e1n en el pr\u00f3ximo a\u00f1o y la transici\u00f3n a una facturaci\u00f3n electr\u00f3nica.<\/p>\n<p style=\"font-weight: 400;\"><strong>\u00bfQu\u00e9 trataremos en este seminario?<\/strong><\/p>\n<ol style=\"font-weight: 400;\">\n<li>Contexto global<br \/>\nLa facturaci\u00f3n electr\u00f3nica est\u00e1 transformando la forma de operar en todo el mundo. Te presentaremos los resultados de un estudio realizado a m\u00e1s de 9.000 pymes sobre los beneficios y retos clave de esta evoluci\u00f3n.<\/li>\n<li>Obligaciones en Espa\u00f1a<br \/>\nConoce las claves de la Ley Crea y Crece y la Ley Antifraude: \u00bfA qui\u00e9n afectan? \u00bfCu\u00e1ndo entran en vigor? \u00bfQu\u00e9 implicaciones tienen para tu empresa?<\/li>\n<li>Prep\u00e1rate para dar el paso<br \/>\nTe ofreceremos una gu\u00eda pr\u00e1ctica para que puedas evaluar tu situaci\u00f3n actual y empezar a adaptarte hoy mismo, evitando prisas de \u00faltima hora.<\/li>\n<\/ol>\n<p style=\"font-weight: 400;\"><strong>Conoce a los ponentes de Sage<\/strong><\/p>\n<p style=\"font-weight: 400;\">\u00a0Xavier Murciano \u2013 Product Manager para soluciones small y medium en Sage<br \/>\nAntonio Rold\u00e1n \u2013 Growth Product Manager para small en Sage<\/p>\n<p style=\"font-weight: 400;\">Estos expertos compartir\u00e1n contigo su experiencia y consejos para ayudarte a cumplir con la normativa y aprovechar al m\u00e1ximo las oportunidades de digitalizaci\u00f3n.<\/p>\n<p style=\"font-weight: 400;\">Adem\u00e1s, junto a nuestros compa\u00f1eros, hemos preparado una p\u00e1gina de registro que incluye informaci\u00f3n sobre la colaboraci\u00f3n, la tem\u00e1tica y los ponentes. Os dejo el enlace a continuaci\u00f3n para que no dej\u00e9is de realizar la inscripci\u00f3n:<\/p>\n<p style=\"font-weight: 400;\"><a href=\"https:\/\/www.sage.com\/es-es\/cp\/facturashow-alumni\/\" data-saferedirecturl=\"https:\/\/www.google.com\/url?q=https:\/\/www.sage.com\/es-es\/cp\/facturashow-alumni\/&amp;source=gmail&amp;ust=1750766505099000&amp;usg=AOvVaw2ZrweOdUwMaBlmbuO5tCIp\">Sage Factura Show exclusivo para Alumni Espa\u00f1a<\/a><\/p>\n<p style=\"font-weight: 400;\">Quedamos a la espera de vuestros comentarios.<\/p>\n<p style=\"font-weight: 400;\">Muchas gracias!<\/p>\n","protected":false},"excerpt":{"rendered":"<p>Desde Alumni Espa\u00f1a, en colaboraci\u00f3n con Sage, queremos invitarte a\u00a0un seminario online, exclusivo y gratuito en el que abordaremos los retos y oportunidades de la <a href=\"https:\/\/www.alumniespana.es\/nueva\/seminario-online-retos-y-oportunidades-de-la-nueva-facturacion-electronica-y-sus-obligaciones-legales\/\" class=\"btn btn-link continue-link\">Seguir leyendo<\/a><\/p>\n","protected":false},"author":6,"featured_media":3527,"comment_status":"closed","ping_status":"open","sticky":false,"template":"","format":"standard","meta":{"jetpack_post_was_ever_published":false,"_jetpack_newsletter_access":"","_jetpack_dont_email_post_to_subs":false,"_jetpack_newsletter_tier_id":0,"_jetpack_memberships_contains_paywalled_content":false,"_jetpack_memberships_contains_paid_content":false,"footnotes":"","jetpack_publicize_message":"","jetpack_publicize_feature_enabled":true,"jetpack_social_post_already_shared":true,"jetpack_social_options":{"image_generator_settings":{"template":"highway","enabled":false},"version":2}},"categories":[6],"tags":[],"class_list":["post-3526","post","type-post","status-publish","format-standard","has-post-thumbnail","hentry","category-noticias"],"jetpack_publicize_connections":[],"jetpack_featured_media_url":"https:\/\/i0.wp.com\/www.alumniespana.es\/nueva\/wp-content\/uploads\/2025\/06\/facturacion-electronica-sage.png?fit=753%2C377&ssl=1","jetpack_sharing_enabled":true,"jetpack_shortlink":"https:\/\/wp.me\/pgqjCh-US","jetpack-related-posts":[],"_links":{"self":[{"href":"https:\/\/www.alumniespana.es\/nueva\/wp-json\/wp\/v2\/posts\/3526","targetHints":{"allow":["GET"]}}],"collection":[{"href":"https:\/\/www.alumniespana.es\/nueva\/wp-json\/wp\/v2\/posts"}],"about":[{"href":"https:\/\/www.alumniespana.es\/nueva\/wp-json\/wp\/v2\/types\/post"}],"author":[{"embeddable":true,"href":"https:\/\/www.alumniespana.es\/nueva\/wp-json\/wp\/v2\/users\/6"}],"replies":[{"embeddable":true,"href":"https:\/\/www.alumniespana.es\/nueva\/wp-json\/wp\/v2\/comments?post=3526"}],"version-history":[{"count":0,"href":"https:\/\/www.alumniespana.es\/nueva\/wp-json\/wp\/v2\/posts\/3526\/revisions"}],"wp:featuredmedia":[{"embeddable":true,"href":"https:\/\/www.alumniespana.es\/nueva\/wp-json\/wp\/v2\/media\/3527"}],"wp:attachment":[{"href":"https:\/\/www.alumniespana.es\/nueva\/wp-json\/wp\/v2\/media?parent=3526"}],"wp:term":[{"taxonomy":"category","embeddable":true,"href":"https:\/\/www.alumniespana.es\/nueva\/wp-json\/wp\/v2\/categories?post=3526"},{"taxonomy":"post_tag","embeddable":true,"href":"https:\/\/www.alumniespana.es\/nueva\/wp-json\/wp\/v2\/tags?post=3526"}],"curies":[{"name":"wp","href":"https:\/\/api.w.org\/{rel}","templated":true}]}}