{"id":3519,"date":"2025-05-23T06:54:27","date_gmt":"2025-05-23T06:54:27","guid":{"rendered":"https:\/\/www.alumniespana.es\/nueva\/?p=3519"},"modified":"2025-05-23T06:54:27","modified_gmt":"2025-05-23T06:54:27","slug":"las-microcredenciales-se-consolidan-como-herramienta-clave-en-el-entorno-alumni","status":"publish","type":"post","link":"https:\/\/www.alumniespana.es\/nueva\/las-microcredenciales-se-consolidan-como-herramienta-clave-en-el-entorno-alumni\/","title":{"rendered":"Las microcredenciales se consolidan como herramienta clave en el  entorno Alumni"},"content":{"rendered":"<p><strong>Alumni Espa\u00f1a &amp;amp; Universidad Nacional de Educaci\u00f3n a Distancia organizan en Madrid<\/strong><br \/>\n<strong>la III Jornada de Trabajo \u201cMicrocredenciales Macrooportunidades\u201d, con la participaci\u00f3n de m\u00e1s de 20 entidades de antiguos alumnos.<\/strong><\/p>\n<p>La Federaci\u00f3n de Asociaciones de Antiguos Alumnos y Amigos de las Universidades Espa\u00f1olas (Alumni Espa\u00f1a), en colaboraci\u00f3n con la UNED, celebr\u00f3 el pasado viernes la tercera Jornada de Trabajo bajo el lema \u201cMicrocredenciales, macrooportunidades\u201d. El encuentro tuvo lugar en el Sal\u00f3n de Actos de la Facultad de Educaci\u00f3n de la UNED en Madrid, con la asistencia de m\u00e1s de 50 participantes presenciales y otro medio centenar v\u00eda streaming.<\/p>\n<p>La jornada se enmarca en el compromiso de Alumni Espa\u00f1a por impulsar iniciativas que fomenten la empleabilidad, la formaci\u00f3n continua y la colaboraci\u00f3n entre universidad, empresa y sociedad.<\/p>\n<p><strong>Apertura institucional y contexto<\/strong><\/p>\n<p>El acto fue inaugurado por D. Miguel \u00c1ngel Santed Germ\u00e1n, Vicerrector de Formaci\u00f3n Permanente y Extensi\u00f3n Universitaria de la UNED; D. Antonio Jos\u00e9 Redondo, presidente de Alumni Espa\u00f1a; y D. Federico Mor\u00e1n,\u00a0 director de la Fundaci\u00f3n para el Conocimiento madri+d.<\/p>\n<p>En su intervenci\u00f3n, destacaron la necesidad de reforzar el papel de las entidades Alumni como agentes clave en el ecosistema formativo, especialmente a trav\u00e9s de f\u00f3rmulas innovadoras como las microcredenciales universitarias.<\/p>\n<p><strong><a href=\"https:\/\/i0.wp.com\/www.alumniespana.es\/nueva\/wp-content\/uploads\/2025\/05\/IMG_20250520_103454-cmpr-scaled.jpg\"><img data-recalc-dims=\"1\" fetchpriority=\"high\" decoding=\"async\" data-attachment-id=\"3524\" data-permalink=\"https:\/\/www.alumniespana.es\/nueva\/las-microcredenciales-se-consolidan-como-herramienta-clave-en-el-entorno-alumni\/img_20250520_103454-cmpr\/\" data-orig-file=\"https:\/\/i0.wp.com\/www.alumniespana.es\/nueva\/wp-content\/uploads\/2025\/05\/IMG_20250520_103454-cmpr-scaled.jpg?fit=1920%2C2560&amp;ssl=1\" data-orig-size=\"1920,2560\" data-comments-opened=\"0\" data-image-meta=\"{&quot;aperture&quot;:&quot;1.65&quot;,&quot;credit&quot;:&quot;&quot;,&quot;camera&quot;:&quot;23090RA98G&quot;,&quot;caption&quot;:&quot;&quot;,&quot;created_timestamp&quot;:&quot;1747737294&quot;,&quot;copyright&quot;:&quot;&quot;,&quot;focal_length&quot;:&quot;6.14&quot;,&quot;iso&quot;:&quot;125&quot;,&quot;shutter_speed&quot;:&quot;0.02000504&quot;,&quot;title&quot;:&quot;&quot;,&quot;orientation&quot;:&quot;1&quot;}\" data-image-title=\"IMG_20250520_103454-cmpr\" data-image-description=\"\" data-image-caption=\"\" data-medium-file=\"https:\/\/i0.wp.com\/www.alumniespana.es\/nueva\/wp-content\/uploads\/2025\/05\/IMG_20250520_103454-cmpr-scaled.jpg?fit=225%2C300&amp;ssl=1\" data-large-file=\"https:\/\/i0.wp.com\/www.alumniespana.es\/nueva\/wp-content\/uploads\/2025\/05\/IMG_20250520_103454-cmpr-scaled.jpg?fit=640%2C853&amp;ssl=1\" class=\"size-medium wp-image-3524 alignleft\" src=\"https:\/\/i0.wp.com\/www.alumniespana.es\/nueva\/wp-content\/uploads\/2025\/05\/IMG_20250520_103454-cmpr.jpg?resize=225%2C300\" alt=\"\" width=\"225\" height=\"300\" srcset=\"https:\/\/i0.wp.com\/www.alumniespana.es\/nueva\/wp-content\/uploads\/2025\/05\/IMG_20250520_103454-cmpr-scaled.jpg?resize=225%2C300&amp;ssl=1 225w, https:\/\/i0.wp.com\/www.alumniespana.es\/nueva\/wp-content\/uploads\/2025\/05\/IMG_20250520_103454-cmpr-scaled.jpg?resize=768%2C1024&amp;ssl=1 768w, https:\/\/i0.wp.com\/www.alumniespana.es\/nueva\/wp-content\/uploads\/2025\/05\/IMG_20250520_103454-cmpr-scaled.jpg?resize=1152%2C1536&amp;ssl=1 1152w, https:\/\/i0.wp.com\/www.alumniespana.es\/nueva\/wp-content\/uploads\/2025\/05\/IMG_20250520_103454-cmpr-scaled.jpg?resize=1536%2C2048&amp;ssl=1 1536w, https:\/\/i0.wp.com\/www.alumniespana.es\/nueva\/wp-content\/uploads\/2025\/05\/IMG_20250520_103454-cmpr-scaled.jpg?w=1920&amp;ssl=1 1920w, https:\/\/i0.wp.com\/www.alumniespana.es\/nueva\/wp-content\/uploads\/2025\/05\/IMG_20250520_103454-cmpr-scaled.jpg?w=1280 1280w\" sizes=\"(max-width: 225px) 100vw, 225px\" \/><\/a>Inteligencia artificial, rankings y trazabilidad del talento <\/strong><\/p>\n<p>La primera ponencia corri\u00f3 a cargo de D. Leonardo Andrade, director regional para Europa de Quacquarelli Symonds (QS), quien present\u00f3 el proyecto Alumni QS y la<br \/>\nherramienta que permite mapear egresados universitarios y generar indicadores de calidad a trav\u00e9s de inteligencia artificial.<\/p>\n<p><strong>Microcredenciales: una alianza estrat\u00e9gica <\/strong><\/p>\n<p>La sesi\u00f3n central gir\u00f3 en torno al desarrollo de la nueva plataforma de microcredenciales UNED \u2013 Alumni Espa\u00f1a, concebida como una v\u00eda flexible y accesible para la adquisici\u00f3n de competencias profesionales espec\u00edficas. Las<br \/>\nmicrocredenciales, de menos de 15 cr\u00e9ditos ECTS, permiten certificar conocimientos en \u00e1reas clave para el desarrollo laboral y la formaci\u00f3n a lo largo de la vida.<\/p>\n<p>Participaron en esta mesa D. Miguel \u00c1ngel Santed Germ\u00e1n (UNED), D. Francisco Rayo Rosado (Sage Educa) y D\u00aa. Ana Mar\u00eda Oca\u00f1a Ruiz (Institute of Talent Management), con la moderaci\u00f3n de D. Antonio Jos\u00e9 Redondo. Los ponentes subrayaron el valor de estas credenciales como nexo entre universidad, empresa y sociedad.<\/p>\n<p><strong>Taller participativo: intercambio de buenas pr\u00e1cticas<\/strong><\/p>\n<p>La jornada concluy\u00f3 con un taller de intercambio de experiencias entre entidades Alumni. Intervinieron:<\/p>\n<ul>\n<li>D\u00aa. Eva L\u00f3pez (Alumni Universidad de Santiago), quien present\u00f3 su portal de empleabilidad y el club de senderismo.<\/li>\n<li>D\u00aa. S\u00edlvia Lloveras Pimentel (Alumni Universidad de Girona), que comparti\u00f3 el Pasaporte de Competencias y el programa Alumni Mentor.<\/li>\n<li>D\u00aa. Alicia Rubio Ba\u00f1\u00f3n, Vicerrectora de Estudiantes y Empleo, que dio a conocer el programa Alumni Embajador y los cursos de habilidades digitales.<\/li>\n<\/ul>\n<p><strong>Un movimiento en crecimiento<\/strong><\/p>\n<p>Alumni Espa\u00f1a, que inici\u00f3 su andadura con 9 entidades, cuenta actualmente con m\u00e1s de 40 asociaciones federadas. Su objetivo sigue siendo generar sinergias, compartir recursos y consolidar el papel de las universidades como espacios de crecimiento y conexi\u00f3n con su comunidad de egresados.<\/p>\n<p><a href=\"https:\/\/i0.wp.com\/www.alumniespana.es\/nueva\/wp-content\/uploads\/2025\/05\/1747825215377-cmpr-scaled.jpg\"><img data-recalc-dims=\"1\" decoding=\"async\" data-attachment-id=\"3523\" data-permalink=\"https:\/\/www.alumniespana.es\/nueva\/las-microcredenciales-se-consolidan-como-herramienta-clave-en-el-entorno-alumni\/1747825215377-cmpr\/\" data-orig-file=\"https:\/\/i0.wp.com\/www.alumniespana.es\/nueva\/wp-content\/uploads\/2025\/05\/1747825215377-cmpr-scaled.jpg?fit=2560%2C1920&amp;ssl=1\" data-orig-size=\"2560,1920\" data-comments-opened=\"0\" data-image-meta=\"{&quot;aperture&quot;:&quot;0&quot;,&quot;credit&quot;:&quot;&quot;,&quot;camera&quot;:&quot;&quot;,&quot;caption&quot;:&quot;&quot;,&quot;created_timestamp&quot;:&quot;0&quot;,&quot;copyright&quot;:&quot;&quot;,&quot;focal_length&quot;:&quot;0&quot;,&quot;iso&quot;:&quot;0&quot;,&quot;shutter_speed&quot;:&quot;0&quot;,&quot;title&quot;:&quot;&quot;,&quot;orientation&quot;:&quot;1&quot;}\" data-image-title=\"1747825215377-cmpr\" data-image-description=\"\" data-image-caption=\"\" data-medium-file=\"https:\/\/i0.wp.com\/www.alumniespana.es\/nueva\/wp-content\/uploads\/2025\/05\/1747825215377-cmpr-scaled.jpg?fit=300%2C225&amp;ssl=1\" data-large-file=\"https:\/\/i0.wp.com\/www.alumniespana.es\/nueva\/wp-content\/uploads\/2025\/05\/1747825215377-cmpr-scaled.jpg?fit=640%2C480&amp;ssl=1\" class=\"alignnone size-medium wp-image-3523\" src=\"https:\/\/i0.wp.com\/www.alumniespana.es\/nueva\/wp-content\/uploads\/2025\/05\/1747825215377-cmpr.jpg?resize=300%2C225\" alt=\"\" width=\"300\" height=\"225\" srcset=\"https:\/\/i0.wp.com\/www.alumniespana.es\/nueva\/wp-content\/uploads\/2025\/05\/1747825215377-cmpr-scaled.jpg?resize=300%2C225&amp;ssl=1 300w, https:\/\/i0.wp.com\/www.alumniespana.es\/nueva\/wp-content\/uploads\/2025\/05\/1747825215377-cmpr-scaled.jpg?resize=1024%2C768&amp;ssl=1 1024w, https:\/\/i0.wp.com\/www.alumniespana.es\/nueva\/wp-content\/uploads\/2025\/05\/1747825215377-cmpr-scaled.jpg?resize=768%2C576&amp;ssl=1 768w, https:\/\/i0.wp.com\/www.alumniespana.es\/nueva\/wp-content\/uploads\/2025\/05\/1747825215377-cmpr-scaled.jpg?resize=1536%2C1152&amp;ssl=1 1536w, https:\/\/i0.wp.com\/www.alumniespana.es\/nueva\/wp-content\/uploads\/2025\/05\/1747825215377-cmpr-scaled.jpg?resize=2048%2C1536&amp;ssl=1 2048w, https:\/\/i0.wp.com\/www.alumniespana.es\/nueva\/wp-content\/uploads\/2025\/05\/1747825215377-cmpr-scaled.jpg?resize=800%2C600&amp;ssl=1 800w, https:\/\/i0.wp.com\/www.alumniespana.es\/nueva\/wp-content\/uploads\/2025\/05\/1747825215377-cmpr-scaled.jpg?resize=1200%2C900&amp;ssl=1 1200w, https:\/\/i0.wp.com\/www.alumniespana.es\/nueva\/wp-content\/uploads\/2025\/05\/1747825215377-cmpr-scaled.jpg?w=1280 1280w, https:\/\/i0.wp.com\/www.alumniespana.es\/nueva\/wp-content\/uploads\/2025\/05\/1747825215377-cmpr-scaled.jpg?w=1920 1920w\" sizes=\"(max-width: 300px) 100vw, 300px\" \/><\/a> <a href=\"https:\/\/i0.wp.com\/www.alumniespana.es\/nueva\/wp-content\/uploads\/2025\/05\/1747825215323-cmpr-scaled.jpg\"><img data-recalc-dims=\"1\" decoding=\"async\" data-attachment-id=\"3522\" data-permalink=\"https:\/\/www.alumniespana.es\/nueva\/las-microcredenciales-se-consolidan-como-herramienta-clave-en-el-entorno-alumni\/1747825215323-cmpr\/\" data-orig-file=\"https:\/\/i0.wp.com\/www.alumniespana.es\/nueva\/wp-content\/uploads\/2025\/05\/1747825215323-cmpr-scaled.jpg?fit=2560%2C1920&amp;ssl=1\" data-orig-size=\"2560,1920\" data-comments-opened=\"0\" data-image-meta=\"{&quot;aperture&quot;:&quot;0&quot;,&quot;credit&quot;:&quot;&quot;,&quot;camera&quot;:&quot;&quot;,&quot;caption&quot;:&quot;&quot;,&quot;created_timestamp&quot;:&quot;0&quot;,&quot;copyright&quot;:&quot;&quot;,&quot;focal_length&quot;:&quot;0&quot;,&quot;iso&quot;:&quot;0&quot;,&quot;shutter_speed&quot;:&quot;0&quot;,&quot;title&quot;:&quot;&quot;,&quot;orientation&quot;:&quot;1&quot;}\" data-image-title=\"1747825215323-cmpr\" data-image-description=\"\" data-image-caption=\"\" data-medium-file=\"https:\/\/i0.wp.com\/www.alumniespana.es\/nueva\/wp-content\/uploads\/2025\/05\/1747825215323-cmpr-scaled.jpg?fit=300%2C225&amp;ssl=1\" data-large-file=\"https:\/\/i0.wp.com\/www.alumniespana.es\/nueva\/wp-content\/uploads\/2025\/05\/1747825215323-cmpr-scaled.jpg?fit=640%2C480&amp;ssl=1\" class=\"alignnone size-medium wp-image-3522\" src=\"https:\/\/i0.wp.com\/www.alumniespana.es\/nueva\/wp-content\/uploads\/2025\/05\/1747825215323-cmpr.jpg?resize=300%2C225\" alt=\"\" width=\"300\" height=\"225\" srcset=\"https:\/\/i0.wp.com\/www.alumniespana.es\/nueva\/wp-content\/uploads\/2025\/05\/1747825215323-cmpr-scaled.jpg?resize=300%2C225&amp;ssl=1 300w, https:\/\/i0.wp.com\/www.alumniespana.es\/nueva\/wp-content\/uploads\/2025\/05\/1747825215323-cmpr-scaled.jpg?resize=1024%2C768&amp;ssl=1 1024w, https:\/\/i0.wp.com\/www.alumniespana.es\/nueva\/wp-content\/uploads\/2025\/05\/1747825215323-cmpr-scaled.jpg?resize=768%2C576&amp;ssl=1 768w, https:\/\/i0.wp.com\/www.alumniespana.es\/nueva\/wp-content\/uploads\/2025\/05\/1747825215323-cmpr-scaled.jpg?resize=1536%2C1152&amp;ssl=1 1536w, https:\/\/i0.wp.com\/www.alumniespana.es\/nueva\/wp-content\/uploads\/2025\/05\/1747825215323-cmpr-scaled.jpg?resize=2048%2C1536&amp;ssl=1 2048w, https:\/\/i0.wp.com\/www.alumniespana.es\/nueva\/wp-content\/uploads\/2025\/05\/1747825215323-cmpr-scaled.jpg?resize=800%2C600&amp;ssl=1 800w, https:\/\/i0.wp.com\/www.alumniespana.es\/nueva\/wp-content\/uploads\/2025\/05\/1747825215323-cmpr-scaled.jpg?resize=1200%2C900&amp;ssl=1 1200w, https:\/\/i0.wp.com\/www.alumniespana.es\/nueva\/wp-content\/uploads\/2025\/05\/1747825215323-cmpr-scaled.jpg?w=1280 1280w, https:\/\/i0.wp.com\/www.alumniespana.es\/nueva\/wp-content\/uploads\/2025\/05\/1747825215323-cmpr-scaled.jpg?w=1920 1920w\" sizes=\"(max-width: 300px) 100vw, 300px\" \/><\/a> <a href=\"https:\/\/i0.wp.com\/www.alumniespana.es\/nueva\/wp-content\/uploads\/2025\/05\/1747825215200-cmpr-scaled.jpg\"><img data-recalc-dims=\"1\" loading=\"lazy\" decoding=\"async\" data-attachment-id=\"3521\" data-permalink=\"https:\/\/www.alumniespana.es\/nueva\/las-microcredenciales-se-consolidan-como-herramienta-clave-en-el-entorno-alumni\/1747825215200-cmpr\/\" data-orig-file=\"https:\/\/i0.wp.com\/www.alumniespana.es\/nueva\/wp-content\/uploads\/2025\/05\/1747825215200-cmpr-scaled.jpg?fit=2560%2C1920&amp;ssl=1\" data-orig-size=\"2560,1920\" data-comments-opened=\"0\" data-image-meta=\"{&quot;aperture&quot;:&quot;0&quot;,&quot;credit&quot;:&quot;&quot;,&quot;camera&quot;:&quot;&quot;,&quot;caption&quot;:&quot;&quot;,&quot;created_timestamp&quot;:&quot;0&quot;,&quot;copyright&quot;:&quot;&quot;,&quot;focal_length&quot;:&quot;0&quot;,&quot;iso&quot;:&quot;0&quot;,&quot;shutter_speed&quot;:&quot;0&quot;,&quot;title&quot;:&quot;&quot;,&quot;orientation&quot;:&quot;1&quot;}\" data-image-title=\"1747825215200-cmpr\" data-image-description=\"\" data-image-caption=\"\" data-medium-file=\"https:\/\/i0.wp.com\/www.alumniespana.es\/nueva\/wp-content\/uploads\/2025\/05\/1747825215200-cmpr-scaled.jpg?fit=300%2C225&amp;ssl=1\" data-large-file=\"https:\/\/i0.wp.com\/www.alumniespana.es\/nueva\/wp-content\/uploads\/2025\/05\/1747825215200-cmpr-scaled.jpg?fit=640%2C480&amp;ssl=1\" class=\"alignnone size-medium wp-image-3521\" src=\"https:\/\/i0.wp.com\/www.alumniespana.es\/nueva\/wp-content\/uploads\/2025\/05\/1747825215200-cmpr.jpg?resize=300%2C225\" alt=\"\" width=\"300\" height=\"225\" srcset=\"https:\/\/i0.wp.com\/www.alumniespana.es\/nueva\/wp-content\/uploads\/2025\/05\/1747825215200-cmpr-scaled.jpg?resize=300%2C225&amp;ssl=1 300w, https:\/\/i0.wp.com\/www.alumniespana.es\/nueva\/wp-content\/uploads\/2025\/05\/1747825215200-cmpr-scaled.jpg?resize=1024%2C768&amp;ssl=1 1024w, https:\/\/i0.wp.com\/www.alumniespana.es\/nueva\/wp-content\/uploads\/2025\/05\/1747825215200-cmpr-scaled.jpg?resize=768%2C576&amp;ssl=1 768w, https:\/\/i0.wp.com\/www.alumniespana.es\/nueva\/wp-content\/uploads\/2025\/05\/1747825215200-cmpr-scaled.jpg?resize=1536%2C1152&amp;ssl=1 1536w, https:\/\/i0.wp.com\/www.alumniespana.es\/nueva\/wp-content\/uploads\/2025\/05\/1747825215200-cmpr-scaled.jpg?resize=2048%2C1536&amp;ssl=1 2048w, https:\/\/i0.wp.com\/www.alumniespana.es\/nueva\/wp-content\/uploads\/2025\/05\/1747825215200-cmpr-scaled.jpg?resize=800%2C600&amp;ssl=1 800w, https:\/\/i0.wp.com\/www.alumniespana.es\/nueva\/wp-content\/uploads\/2025\/05\/1747825215200-cmpr-scaled.jpg?resize=1200%2C900&amp;ssl=1 1200w, https:\/\/i0.wp.com\/www.alumniespana.es\/nueva\/wp-content\/uploads\/2025\/05\/1747825215200-cmpr-scaled.jpg?w=1280 1280w, https:\/\/i0.wp.com\/www.alumniespana.es\/nueva\/wp-content\/uploads\/2025\/05\/1747825215200-cmpr-scaled.jpg?w=1920 1920w\" sizes=\"(max-width: 300px) 100vw, 300px\" \/><\/a><\/p>\n","protected":false},"excerpt":{"rendered":"<p>Alumni Espa\u00f1a &amp;amp; Universidad Nacional de Educaci\u00f3n a Distancia organizan en Madrid la III Jornada de Trabajo \u201cMicrocredenciales Macrooportunidades\u201d, con la participaci\u00f3n de m\u00e1s de <a href=\"https:\/\/www.alumniespana.es\/nueva\/las-microcredenciales-se-consolidan-como-herramienta-clave-en-el-entorno-alumni\/\" class=\"btn btn-link continue-link\">Seguir leyendo<\/a><\/p>\n","protected":false},"author":6,"featured_media":3520,"comment_status":"closed","ping_status":"open","sticky":false,"template":"","format":"standard","meta":{"jetpack_post_was_ever_published":false,"_jetpack_newsletter_access":"","_jetpack_dont_email_post_to_subs":false,"_jetpack_newsletter_tier_id":0,"_jetpack_memberships_contains_paywalled_content":false,"_jetpack_memberships_contains_paid_content":false,"footnotes":"","jetpack_publicize_message":"","jetpack_publicize_feature_enabled":true,"jetpack_social_post_already_shared":true,"jetpack_social_options":{"image_generator_settings":{"template":"highway","enabled":false},"version":2}},"categories":[7,6],"tags":[],"class_list":["post-3519","post","type-post","status-publish","format-standard","has-post-thumbnail","hentry","category-notas-de-prensa","category-noticias"],"jetpack_publicize_connections":[],"jetpack_featured_media_url":"https:\/\/i0.wp.com\/www.alumniespana.es\/nueva\/wp-content\/uploads\/2025\/05\/1747825215048-cmpr-scaled.jpg?fit=2560%2C1920&ssl=1","jetpack_sharing_enabled":true,"jetpack_shortlink":"https:\/\/wp.me\/pgqjCh-UL","jetpack-related-posts":[],"_links":{"self":[{"href":"https:\/\/www.alumniespana.es\/nueva\/wp-json\/wp\/v2\/posts\/3519","targetHints":{"allow":["GET"]}}],"collection":[{"href":"https:\/\/www.alumniespana.es\/nueva\/wp-json\/wp\/v2\/posts"}],"about":[{"href":"https:\/\/www.alumniespana.es\/nueva\/wp-json\/wp\/v2\/types\/post"}],"author":[{"embeddable":true,"href":"https:\/\/www.alumniespana.es\/nueva\/wp-json\/wp\/v2\/users\/6"}],"replies":[{"embeddable":true,"href":"https:\/\/www.alumniespana.es\/nueva\/wp-json\/wp\/v2\/comments?post=3519"}],"version-history":[{"count":0,"href":"https:\/\/www.alumniespana.es\/nueva\/wp-json\/wp\/v2\/posts\/3519\/revisions"}],"wp:featuredmedia":[{"embeddable":true,"href":"https:\/\/www.alumniespana.es\/nueva\/wp-json\/wp\/v2\/media\/3520"}],"wp:attachment":[{"href":"https:\/\/www.alumniespana.es\/nueva\/wp-json\/wp\/v2\/media?parent=3519"}],"wp:term":[{"taxonomy":"category","embeddable":true,"href":"https:\/\/www.alumniespana.es\/nueva\/wp-json\/wp\/v2\/categories?post=3519"},{"taxonomy":"post_tag","embeddable":true,"href":"https:\/\/www.alumniespana.es\/nueva\/wp-json\/wp\/v2\/tags?post=3519"}],"curies":[{"name":"wp","href":"https:\/\/api.w.org\/{rel}","templated":true}]}}