{"id":3484,"date":"2025-05-16T07:00:06","date_gmt":"2025-05-16T07:00:06","guid":{"rendered":"https:\/\/www.alumniespana.es\/nueva\/?p=3484"},"modified":"2025-05-16T07:00:06","modified_gmt":"2025-05-16T07:00:06","slug":"alumni-espana-da-los-primeros-pasos-para-la-creacion-de-la-red-iberica-alumni-en-portugal","status":"publish","type":"post","link":"https:\/\/www.alumniespana.es\/nueva\/alumni-espana-da-los-primeros-pasos-para-la-creacion-de-la-red-iberica-alumni-en-portugal\/","title":{"rendered":"ALUMNI Espa\u00f1a da los primeros pasos para la creaci\u00f3n de la Red Ib\u00e9rica Alumni en Portugal"},"content":{"rendered":"<p>La <em>Federaci\u00f3n de Asociaciones de Antiguos Alumnos y Amigos de las Universidades Espa\u00f1olas, Alumni Espa\u00f1a<\/em>, actu\u00f3 como mediador en firma de las primeras alianzas plurianuales entre<em> Sage Portugal &#8211; Software S.A. y el Institute of Talent Management S.L.U., ITM, y la Asociaci\u00f3n de Antiguos Alumnos de la Universidad de Aveiro, AAAUA,<\/em> el pasado mi\u00e9rcoles 2 de abril.<\/p>\n<p>A el acto asistieron el Rector de la <em>Universidad de Aveiro, UAveiro<\/em>, D. Paulo Jorge Ferreira, el Presidente de <em>Alumni Espa\u00f1a<\/em>, D. Antonio Jos\u00e9 Redondo, el Presidente de la <em>AAAUA<\/em>, D. Pedro Oliveira, Director ib\u00e9rico de colaboraciones y ecosistemas, D. Hugo Ferraz de Oliveira, Director de cuentas de educaci\u00f3n y formaci\u00f3n, D. Francisco Rayo, Directora general ITM, D\u00aa. Ana Mar\u00eda Oca\u00f1a Ruiz. A la ceremonia tambi\u00e9n asistieron el presidente de la Asamblea General de la AAAUA, D. Tito Miguel Pereira, D\u00aa. Chantal Teixeira, en representaci\u00f3n del Consejo Fiscal, y D\u00aa. Margarida Ferreira y D. Jorge Monteiro, de la directiva de la AAAUA.<\/p>\n<p>En su discurso inaugural de la ceremonia, el Rector de <em>UAveiro<\/em> felicit\u00f3 a la Asociaci\u00f3n y a las empresas presentes por la firma de estas colaboraciones, destacando el papel de los antiguos alumnos en la din\u00e1mica de las instituciones de educaci\u00f3n superior y en la sociedad, explicando un resumen de los principales cambios legislativos, la importancia de la formaci\u00f3n continua, el desarrollo de cursos de especializaci\u00f3n y microcredenciales, y la colaboraci\u00f3n entre sus hom\u00f3logos portugueses y espa\u00f1oles.<\/p>\n<p>El presidente de la <em>AAAUA<\/em> tambi\u00e9n agradeci\u00f3 la presencia del Rector en esta ceremonia, que le confiere un especial sentido estrat\u00e9gico, y a su colega Presidente de la <em>Alumni Espa\u00f1a<\/em> ya que fue durante los encuentros Alumni celebrados en Navarra 2023 y en M\u00e1laga 2024 donde se comenzaron a redactar los t\u00e9rminos de los protocolos de colaboraci\u00f3n que en dicho acto se firmaron. Este acto simb\u00f3lico marca un nuevo hito en la vida de la Asociaci\u00f3n de Antiguos Alumnos de Aveiro, con la firma de sus primeros acuerdos de colaboraci\u00f3n para tres a\u00f1os.<\/p>\n<p>Finalmente, D. Antonio Jos\u00e9 Redondo, Presidente de <em>Alumni Espa\u00f1a<\/em>, se mostr\u00f3 entusiasmado con las relaciones ya establecidas y expres\u00f3 su deseo de que el trabajo que realiza la Asociaci\u00f3n de Antiguos Alumnos de <em>UAveiro<\/em> pueda replicarse en otras estructuras similares en Portugal y permita sentar las bases de una Federaci\u00f3n de Antiguos Alumnos de Portugal, que forme parte de un futuro proyecto de <strong><em>Red Ib\u00e9rica Alumni<\/em><\/strong>, siendo este el actual deseo de la junta directiva de Alumni Espa\u00f1a. D. Antonio Jos\u00e9 invito de nuevo al Encuentro ALUMNI anual, que se celebrar\u00e1 el pr\u00f3ximo mes de octubre en Almaden.<\/p>\n<p>Alumni Espa\u00f1a ser\u00e1 galardonado con el premio institucional de la universidad de Aveiro en el 35 aniversario de alumni Aveiro el d\u00eda 5 de julio.<\/p>\n","protected":false},"excerpt":{"rendered":"<p>La Federaci\u00f3n de Asociaciones de Antiguos Alumnos y Amigos de las Universidades Espa\u00f1olas, Alumni Espa\u00f1a, actu\u00f3 como mediador en firma de las primeras alianzas plurianuales <a href=\"https:\/\/www.alumniespana.es\/nueva\/alumni-espana-da-los-primeros-pasos-para-la-creacion-de-la-red-iberica-alumni-en-portugal\/\" class=\"btn btn-link continue-link\">Seguir leyendo<\/a><\/p>\n","protected":false},"author":6,"featured_media":3485,"comment_status":"closed","ping_status":"open","sticky":false,"template":"","format":"standard","meta":{"jetpack_post_was_ever_published":false,"_jetpack_newsletter_access":"","_jetpack_dont_email_post_to_subs":false,"_jetpack_newsletter_tier_id":0,"_jetpack_memberships_contains_paywalled_content":false,"_jetpack_memberships_contains_paid_content":false,"footnotes":"","jetpack_publicize_message":"","jetpack_publicize_feature_enabled":true,"jetpack_social_post_already_shared":true,"jetpack_social_options":{"image_generator_settings":{"template":"highway","enabled":false},"version":2}},"categories":[6],"tags":[],"class_list":["post-3484","post","type-post","status-publish","format-standard","has-post-thumbnail","hentry","category-noticias"],"jetpack_publicize_connections":[],"jetpack_featured_media_url":"https:\/\/i0.wp.com\/www.alumniespana.es\/nueva\/wp-content\/uploads\/2025\/05\/encuentro_aveiro.jpg?fit=567%2C319&ssl=1","jetpack_sharing_enabled":true,"jetpack_shortlink":"https:\/\/wp.me\/pgqjCh-Uc","jetpack-related-posts":[],"_links":{"self":[{"href":"https:\/\/www.alumniespana.es\/nueva\/wp-json\/wp\/v2\/posts\/3484","targetHints":{"allow":["GET"]}}],"collection":[{"href":"https:\/\/www.alumniespana.es\/nueva\/wp-json\/wp\/v2\/posts"}],"about":[{"href":"https:\/\/www.alumniespana.es\/nueva\/wp-json\/wp\/v2\/types\/post"}],"author":[{"embeddable":true,"href":"https:\/\/www.alumniespana.es\/nueva\/wp-json\/wp\/v2\/users\/6"}],"replies":[{"embeddable":true,"href":"https:\/\/www.alumniespana.es\/nueva\/wp-json\/wp\/v2\/comments?post=3484"}],"version-history":[{"count":0,"href":"https:\/\/www.alumniespana.es\/nueva\/wp-json\/wp\/v2\/posts\/3484\/revisions"}],"wp:featuredmedia":[{"embeddable":true,"href":"https:\/\/www.alumniespana.es\/nueva\/wp-json\/wp\/v2\/media\/3485"}],"wp:attachment":[{"href":"https:\/\/www.alumniespana.es\/nueva\/wp-json\/wp\/v2\/media?parent=3484"}],"wp:term":[{"taxonomy":"category","embeddable":true,"href":"https:\/\/www.alumniespana.es\/nueva\/wp-json\/wp\/v2\/categories?post=3484"},{"taxonomy":"post_tag","embeddable":true,"href":"https:\/\/www.alumniespana.es\/nueva\/wp-json\/wp\/v2\/tags?post=3484"}],"curies":[{"name":"wp","href":"https:\/\/api.w.org\/{rel}","templated":true}]}}