{"id":1936,"date":"2024-11-13T12:29:52","date_gmt":"2024-11-13T12:29:52","guid":{"rendered":"http:\/\/www.alumniespana.es\/nueva\/?p=1936"},"modified":"2024-11-13T12:29:52","modified_gmt":"2024-11-13T12:29:52","slug":"campana-de-donaciones-a-los-afectados-por-la-dana","status":"publish","type":"post","link":"https:\/\/www.alumniespana.es\/nueva\/campana-de-donaciones-a-los-afectados-por-la-dana\/","title":{"rendered":"Campa\u00f1a de donaciones a los afectados por la DANA"},"content":{"rendered":"<p>Alumni Espa\u00f1a os invita a participar en la campa\u00f1a de donaciones a los afectados por la DANA, de la Universitat de Val\u00e8ncia (miembro de nuestra Federaci\u00f3n). Adem\u00e1s podr\u00e9is solicitar el certificado de donaci\u00f3n para la deducci\u00f3n fiscal, en la misma web.<\/p>\n<p><a href=\"https:\/\/www.uv.es\/uvweb\/uv-noticias\/es\/noticias\/uv-lanza-campana-solidaria-reconstruccion-dana-1285973304159\/Novetat.html?id=1286404836417&amp;plantilla=UV_Noticies\/Page\/TPGDetaillNews\">https:\/\/www.uv.es\/uvweb\/uv-noticias\/es\/noticias\/uv-lanza-campana-solidaria-reconstruccion-dana-1285973304159\/Novetat.html?id=1286404836417&amp;plantilla=UV_Noticies\/Page\/TPGDetaillNews<\/a><\/p>\n<p>Esta acci\u00f3n la enmarcamos en uno de nuestros campos de trabajo que desarrollamos con mucha ilusi\u00f3n: la solidaridad. Tras los Convenios firmados con Entidades como Proyecto Hombre y Asociaci\u00f3n Espa\u00f1ola contra el C\u00e1ncer, os invitamos ahora a colaborar con este hecho sin precedentes sucedido en Valencia. Por el gran cari\u00f1o y la vinculaci\u00f3n que Alumni Espa\u00f1a tiene con esta tierra, ya que Alumni Universitat de Val\u00e9ncia fue una de las entidades fundadoras de nuestra Federaci\u00f3n, queremos pediros de manera especial vuestra colaboraci\u00f3n.<\/p>\n<p>&nbsp;<\/p>\n","protected":false},"excerpt":{"rendered":"<p>Alumni Espa\u00f1a os invita a participar en la campa\u00f1a de donaciones a los afectados por la DANA, de la Universitat de Val\u00e8ncia (miembro de nuestra <a href=\"https:\/\/www.alumniespana.es\/nueva\/campana-de-donaciones-a-los-afectados-por-la-dana\/\" class=\"btn btn-link continue-link\">Seguir leyendo<\/a><\/p>\n","protected":false},"author":8,"featured_media":1937,"comment_status":"open","ping_status":"open","sticky":false,"template":"","format":"standard","meta":{"jetpack_post_was_ever_published":false,"_jetpack_newsletter_access":"","_jetpack_dont_email_post_to_subs":false,"_jetpack_newsletter_tier_id":0,"_jetpack_memberships_contains_paywalled_content":false,"_jetpack_memberships_contains_paid_content":false,"footnotes":"","jetpack_publicize_message":"","jetpack_publicize_feature_enabled":true,"jetpack_social_post_already_shared":true,"jetpack_social_options":{"image_generator_settings":{"template":"highway","enabled":false},"version":2}},"categories":[6],"tags":[],"class_list":["post-1936","post","type-post","status-publish","format-standard","has-post-thumbnail","hentry","category-noticias"],"jetpack_publicize_connections":[],"jetpack_featured_media_url":"https:\/\/i0.wp.com\/www.alumniespana.es\/nueva\/wp-content\/uploads\/2024\/11\/donaciones_dana_noticia_es.jpg?fit=860%2C602&ssl=1","jetpack_sharing_enabled":true,"jetpack_shortlink":"https:\/\/wp.me\/pgqjCh-ve","jetpack-related-posts":[],"_links":{"self":[{"href":"https:\/\/www.alumniespana.es\/nueva\/wp-json\/wp\/v2\/posts\/1936","targetHints":{"allow":["GET"]}}],"collection":[{"href":"https:\/\/www.alumniespana.es\/nueva\/wp-json\/wp\/v2\/posts"}],"about":[{"href":"https:\/\/www.alumniespana.es\/nueva\/wp-json\/wp\/v2\/types\/post"}],"author":[{"embeddable":true,"href":"https:\/\/www.alumniespana.es\/nueva\/wp-json\/wp\/v2\/users\/8"}],"replies":[{"embeddable":true,"href":"https:\/\/www.alumniespana.es\/nueva\/wp-json\/wp\/v2\/comments?post=1936"}],"version-history":[{"count":0,"href":"https:\/\/www.alumniespana.es\/nueva\/wp-json\/wp\/v2\/posts\/1936\/revisions"}],"wp:featuredmedia":[{"embeddable":true,"href":"https:\/\/www.alumniespana.es\/nueva\/wp-json\/wp\/v2\/media\/1937"}],"wp:attachment":[{"href":"https:\/\/www.alumniespana.es\/nueva\/wp-json\/wp\/v2\/media?parent=1936"}],"wp:term":[{"taxonomy":"category","embeddable":true,"href":"https:\/\/www.alumniespana.es\/nueva\/wp-json\/wp\/v2\/categories?post=1936"},{"taxonomy":"post_tag","embeddable":true,"href":"https:\/\/www.alumniespana.es\/nueva\/wp-json\/wp\/v2\/tags?post=1936"}],"curies":[{"name":"wp","href":"https:\/\/api.w.org\/{rel}","templated":true}]}}