{"id":1883,"date":"2024-02-23T11:57:48","date_gmt":"2024-02-23T11:57:48","guid":{"rendered":"http:\/\/www.alumniespana.es\/nueva\/?p=1883"},"modified":"2024-02-23T11:57:48","modified_gmt":"2024-02-23T11:57:48","slug":"jornada-formativa-alumni-espana","status":"publish","type":"post","link":"https:\/\/www.alumniespana.es\/nueva\/jornada-formativa-alumni-espana\/","title":{"rendered":"Jornada formativa Alumni-Espa\u00f1a"},"content":{"rendered":"<p>Alumni-Espa\u00f1a organiza, el viernes 15 de marzo de 09:00h. a 14:00h., unas jornadas formativas en el Sal\u00f3n de Grados de la Facultad de Derecho de la Universidad de Mur<a href=\"https:\/\/i0.wp.com\/www.alumniespana.es\/nueva\/wp-content\/uploads\/2024\/02\/UMU-post-1080x1080px-jornadas-alumni.png\"><img data-recalc-dims=\"1\" fetchpriority=\"high\" decoding=\"async\" data-attachment-id=\"1887\" data-permalink=\"https:\/\/www.alumniespana.es\/nueva\/jornada-formativa-alumni-espana\/umu-post-1080x1080px-jornadas-alumni\/\" data-orig-file=\"https:\/\/i0.wp.com\/www.alumniespana.es\/nueva\/wp-content\/uploads\/2024\/02\/UMU-post-1080x1080px-jornadas-alumni.png?fit=1080%2C1080&amp;ssl=1\" data-orig-size=\"1080,1080\" data-comments-opened=\"1\" data-image-meta=\"{&quot;aperture&quot;:&quot;0&quot;,&quot;credit&quot;:&quot;&quot;,&quot;camera&quot;:&quot;&quot;,&quot;caption&quot;:&quot;&quot;,&quot;created_timestamp&quot;:&quot;0&quot;,&quot;copyright&quot;:&quot;&quot;,&quot;focal_length&quot;:&quot;0&quot;,&quot;iso&quot;:&quot;0&quot;,&quot;shutter_speed&quot;:&quot;0&quot;,&quot;title&quot;:&quot;&quot;,&quot;orientation&quot;:&quot;0&quot;}\" data-image-title=\"UMU-post-1080x1080px-jornadas-alumni\" data-image-description=\"\" data-image-caption=\"\" data-medium-file=\"https:\/\/i0.wp.com\/www.alumniespana.es\/nueva\/wp-content\/uploads\/2024\/02\/UMU-post-1080x1080px-jornadas-alumni.png?fit=300%2C300&amp;ssl=1\" data-large-file=\"https:\/\/i0.wp.com\/www.alumniespana.es\/nueva\/wp-content\/uploads\/2024\/02\/UMU-post-1080x1080px-jornadas-alumni.png?fit=640%2C640&amp;ssl=1\" class=\" wp-image-1887 alignright\" src=\"https:\/\/i0.wp.com\/www.alumniespana.es\/nueva\/wp-content\/uploads\/2024\/02\/UMU-post-1080x1080px-jornadas-alumni.png?resize=372%2C372\" alt=\"\" width=\"372\" height=\"372\" srcset=\"https:\/\/i0.wp.com\/www.alumniespana.es\/nueva\/wp-content\/uploads\/2024\/02\/UMU-post-1080x1080px-jornadas-alumni.png?resize=300%2C300&amp;ssl=1 300w, https:\/\/i0.wp.com\/www.alumniespana.es\/nueva\/wp-content\/uploads\/2024\/02\/UMU-post-1080x1080px-jornadas-alumni.png?resize=1024%2C1024&amp;ssl=1 1024w, https:\/\/i0.wp.com\/www.alumniespana.es\/nueva\/wp-content\/uploads\/2024\/02\/UMU-post-1080x1080px-jornadas-alumni.png?resize=150%2C150&amp;ssl=1 150w, https:\/\/i0.wp.com\/www.alumniespana.es\/nueva\/wp-content\/uploads\/2024\/02\/UMU-post-1080x1080px-jornadas-alumni.png?resize=768%2C768&amp;ssl=1 768w, https:\/\/i0.wp.com\/www.alumniespana.es\/nueva\/wp-content\/uploads\/2024\/02\/UMU-post-1080x1080px-jornadas-alumni.png?w=1080&amp;ssl=1 1080w\" sizes=\"(max-width: 372px) 100vw, 372px\" \/><\/a>cia, en el Campus de la Merced.<\/p>\n<p>A lo largo de la actividad y durante la ma\u00f1ana, se contemplan charlas, networking y la posibilidad de visitar la \u00abExposici\u00f3n Alumni inspiradores de la Universidad de Murcia\u00bb. Asimismo, por la tarde, hay programada una excusi\u00f3n por la ciudad para conocer el entorno y contexto de vida y trabajo en el que se desenvuelve la Universidad de Murcia.<\/p>\n<p>La inscripci\u00f3n se puede realizar a trav\u00e9s del siguiente <a href=\"https:\/\/eventos.um.es\/event_detail\/110586\/detail\/jornadas-formativas-alumni-espana-2024.html\">enlace<\/a>.<\/p>\n<p>&nbsp;<\/p>\n<p><strong><a href=\"http:\/\/www.alumniespana.es\/nueva\/wp-content\/uploads\/2024\/02\/Programa-de-actividades.pdf\">Programa de actividades<\/a><\/strong><\/p>\n<p>&nbsp;<\/p>\n<p>Para m\u00e1s informaci\u00f3n se puede contactar con:<\/p>\n<p>Asociaci\u00f3n de antiguos Alumnos y Amigos de la Universidad de Murcia<\/p>\n<p>868888326 &#8211; alumni@um.es<\/p>\n<p>&nbsp;<\/p>\n<p>Alumni Espa\u00f1a<\/p>\n<p>918854104 &#8211; secretarua@alumniespana.net \/ alumniespana@gmail.com<\/p>\n<p>&nbsp;<\/p>\n<p>&nbsp;<\/p>\n","protected":false},"excerpt":{"rendered":"<p>Alumni-Espa\u00f1a organiza, el viernes 15 de marzo de 09:00h. a 14:00h., unas jornadas formativas en el Sal\u00f3n de Grados de la Facultad de Derecho de <a href=\"https:\/\/www.alumniespana.es\/nueva\/jornada-formativa-alumni-espana\/\" class=\"btn btn-link continue-link\">Seguir leyendo<\/a><\/p>\n","protected":false},"author":8,"featured_media":1882,"comment_status":"open","ping_status":"open","sticky":false,"template":"","format":"standard","meta":{"jetpack_post_was_ever_published":false,"_jetpack_newsletter_access":"","_jetpack_dont_email_post_to_subs":false,"_jetpack_newsletter_tier_id":0,"_jetpack_memberships_contains_paywalled_content":false,"_jetpack_memberships_contains_paid_content":false,"footnotes":"","jetpack_publicize_message":"","jetpack_publicize_feature_enabled":true,"jetpack_social_post_already_shared":true,"jetpack_social_options":{"image_generator_settings":{"template":"highway","enabled":false},"version":2}},"categories":[1],"tags":[],"class_list":["post-1883","post","type-post","status-publish","format-standard","has-post-thumbnail","hentry","category-eventos"],"jetpack_publicize_connections":[],"jetpack_featured_media_url":"https:\/\/i0.wp.com\/www.alumniespana.es\/nueva\/wp-content\/uploads\/2024\/02\/cartel-alargado-web-scaled.jpg?fit=2560%2C1275&ssl=1","jetpack_sharing_enabled":true,"jetpack_shortlink":"https:\/\/wp.me\/pgqjCh-un","jetpack-related-posts":[],"_links":{"self":[{"href":"https:\/\/www.alumniespana.es\/nueva\/wp-json\/wp\/v2\/posts\/1883","targetHints":{"allow":["GET"]}}],"collection":[{"href":"https:\/\/www.alumniespana.es\/nueva\/wp-json\/wp\/v2\/posts"}],"about":[{"href":"https:\/\/www.alumniespana.es\/nueva\/wp-json\/wp\/v2\/types\/post"}],"author":[{"embeddable":true,"href":"https:\/\/www.alumniespana.es\/nueva\/wp-json\/wp\/v2\/users\/8"}],"replies":[{"embeddable":true,"href":"https:\/\/www.alumniespana.es\/nueva\/wp-json\/wp\/v2\/comments?post=1883"}],"version-history":[{"count":0,"href":"https:\/\/www.alumniespana.es\/nueva\/wp-json\/wp\/v2\/posts\/1883\/revisions"}],"wp:featuredmedia":[{"embeddable":true,"href":"https:\/\/www.alumniespana.es\/nueva\/wp-json\/wp\/v2\/media\/1882"}],"wp:attachment":[{"href":"https:\/\/www.alumniespana.es\/nueva\/wp-json\/wp\/v2\/media?parent=1883"}],"wp:term":[{"taxonomy":"category","embeddable":true,"href":"https:\/\/www.alumniespana.es\/nueva\/wp-json\/wp\/v2\/categories?post=1883"},{"taxonomy":"post_tag","embeddable":true,"href":"https:\/\/www.alumniespana.es\/nueva\/wp-json\/wp\/v2\/tags?post=1883"}],"curies":[{"name":"wp","href":"https:\/\/api.w.org\/{rel}","templated":true}]}}