{"id":1866,"date":"2023-10-09T12:01:33","date_gmt":"2023-10-09T12:01:33","guid":{"rendered":"http:\/\/www.alumniespana.es\/nueva\/?p=1866"},"modified":"2023-10-09T12:14:45","modified_gmt":"2023-10-09T12:14:45","slug":"1866","status":"publish","type":"post","link":"https:\/\/www.alumniespana.es\/nueva\/1866\/","title":{"rendered":"Alumni Espa\u00f1a celebra su XX aniversario"},"content":{"rendered":"<p>Alumni espa\u00f1a est\u00e1 de celebraci\u00f3n tras cumplir su vig\u00e9simo aniversario. Han querido conmemorar la ocasi\u00f3n con un v\u00eddeo recopilatorio de los momentos m\u00e1s destacados de todos estos a\u00f1os de trabajo y dedicaci\u00f3n.<\/p>\n<p><a href=\"https:\/\/www.youtube.com\/watch?v=n3EAGBWSAco\"><img data-recalc-dims=\"1\" fetchpriority=\"high\" decoding=\"async\" data-attachment-id=\"1871\" data-permalink=\"https:\/\/www.alumniespana.es\/nueva\/1866\/video-aniversario\/\" data-orig-file=\"https:\/\/i0.wp.com\/www.alumniespana.es\/nueva\/wp-content\/uploads\/2023\/10\/video-aniversario.jpg?fit=855%2C483&amp;ssl=1\" data-orig-size=\"855,483\" data-comments-opened=\"1\" data-image-meta=\"{&quot;aperture&quot;:&quot;0&quot;,&quot;credit&quot;:&quot;&quot;,&quot;camera&quot;:&quot;&quot;,&quot;caption&quot;:&quot;&quot;,&quot;created_timestamp&quot;:&quot;0&quot;,&quot;copyright&quot;:&quot;&quot;,&quot;focal_length&quot;:&quot;0&quot;,&quot;iso&quot;:&quot;0&quot;,&quot;shutter_speed&quot;:&quot;0&quot;,&quot;title&quot;:&quot;&quot;,&quot;orientation&quot;:&quot;0&quot;}\" data-image-title=\"video aniversario\" data-image-description=\"\" data-image-caption=\"\" data-medium-file=\"https:\/\/i0.wp.com\/www.alumniespana.es\/nueva\/wp-content\/uploads\/2023\/10\/video-aniversario.jpg?fit=300%2C169&amp;ssl=1\" data-large-file=\"https:\/\/i0.wp.com\/www.alumniespana.es\/nueva\/wp-content\/uploads\/2023\/10\/video-aniversario.jpg?fit=640%2C362&amp;ssl=1\" class=\"alignleft wp-image-1871 size-full\" src=\"https:\/\/i0.wp.com\/www.alumniespana.es\/nueva\/wp-content\/uploads\/2023\/10\/video-aniversario.jpg?resize=640%2C362\" alt=\"\" width=\"640\" height=\"362\" srcset=\"https:\/\/i0.wp.com\/www.alumniespana.es\/nueva\/wp-content\/uploads\/2023\/10\/video-aniversario.jpg?w=855&amp;ssl=1 855w, https:\/\/i0.wp.com\/www.alumniespana.es\/nueva\/wp-content\/uploads\/2023\/10\/video-aniversario.jpg?resize=300%2C169&amp;ssl=1 300w, https:\/\/i0.wp.com\/www.alumniespana.es\/nueva\/wp-content\/uploads\/2023\/10\/video-aniversario.jpg?resize=768%2C434&amp;ssl=1 768w\" sizes=\"(max-width: 640px) 100vw, 640px\" \/><\/a><\/p>\n","protected":false},"excerpt":{"rendered":"<p>Alumni espa\u00f1a est\u00e1 de celebraci\u00f3n tras cumplir su vig\u00e9simo aniversario. Han querido conmemorar la ocasi\u00f3n con un v\u00eddeo recopilatorio de los momentos m\u00e1s destacados de <a href=\"https:\/\/www.alumniespana.es\/nueva\/1866\/\" class=\"btn btn-link continue-link\">Seguir leyendo<\/a><\/p>\n","protected":false},"author":8,"featured_media":0,"comment_status":"open","ping_status":"open","sticky":false,"template":"","format":"standard","meta":{"jetpack_post_was_ever_published":false,"_jetpack_newsletter_access":"","_jetpack_dont_email_post_to_subs":false,"_jetpack_newsletter_tier_id":0,"_jetpack_memberships_contains_paywalled_content":false,"_jetpack_memberships_contains_paid_content":false,"footnotes":"","jetpack_publicize_message":"","jetpack_publicize_feature_enabled":true,"jetpack_social_post_already_shared":true,"jetpack_social_options":{"image_generator_settings":{"template":"highway","enabled":false},"version":2}},"categories":[1],"tags":[],"class_list":["post-1866","post","type-post","status-publish","format-standard","hentry","category-eventos"],"jetpack_publicize_connections":[],"jetpack_featured_media_url":"","jetpack_sharing_enabled":true,"jetpack_shortlink":"https:\/\/wp.me\/sgqjCh-1866","jetpack-related-posts":[],"_links":{"self":[{"href":"https:\/\/www.alumniespana.es\/nueva\/wp-json\/wp\/v2\/posts\/1866","targetHints":{"allow":["GET"]}}],"collection":[{"href":"https:\/\/www.alumniespana.es\/nueva\/wp-json\/wp\/v2\/posts"}],"about":[{"href":"https:\/\/www.alumniespana.es\/nueva\/wp-json\/wp\/v2\/types\/post"}],"author":[{"embeddable":true,"href":"https:\/\/www.alumniespana.es\/nueva\/wp-json\/wp\/v2\/users\/8"}],"replies":[{"embeddable":true,"href":"https:\/\/www.alumniespana.es\/nueva\/wp-json\/wp\/v2\/comments?post=1866"}],"version-history":[{"count":0,"href":"https:\/\/www.alumniespana.es\/nueva\/wp-json\/wp\/v2\/posts\/1866\/revisions"}],"wp:attachment":[{"href":"https:\/\/www.alumniespana.es\/nueva\/wp-json\/wp\/v2\/media?parent=1866"}],"wp:term":[{"taxonomy":"category","embeddable":true,"href":"https:\/\/www.alumniespana.es\/nueva\/wp-json\/wp\/v2\/categories?post=1866"},{"taxonomy":"post_tag","embeddable":true,"href":"https:\/\/www.alumniespana.es\/nueva\/wp-json\/wp\/v2\/tags?post=1866"}],"curies":[{"name":"wp","href":"https:\/\/api.w.org\/{rel}","templated":true}]}}