{"id":1784,"date":"2022-10-21T12:31:02","date_gmt":"2022-10-21T12:31:02","guid":{"rendered":"http:\/\/www.alumniespana.es\/nueva\/?p=1784"},"modified":"2022-10-21T12:31:02","modified_gmt":"2022-10-21T12:31:02","slug":"alumni-espana-celebra-con-exito-su-asamblea-general-y-su-xxvi-encuentro-estatal-de-entidades-alumni-de-las-universidades-espanolas-en-madrid","status":"publish","type":"post","link":"https:\/\/www.alumniespana.es\/nueva\/alumni-espana-celebra-con-exito-su-asamblea-general-y-su-xxvi-encuentro-estatal-de-entidades-alumni-de-las-universidades-espanolas-en-madrid\/","title":{"rendered":"Alumni Espa\u00f1a celebra con \u00e9xito su asamblea general y su XXVI encuentro estatal de entidades alumni de las universidades espa\u00f1olas en Madrid"},"content":{"rendered":"<p><em><a href=\"https:\/\/i0.wp.com\/www.alumniespana.es\/nueva\/wp-content\/uploads\/2022\/10\/FfWkxNIXwAAFb1n.jpg\"><img data-recalc-dims=\"1\" fetchpriority=\"high\" decoding=\"async\" data-attachment-id=\"1787\" data-permalink=\"https:\/\/www.alumniespana.es\/nueva\/alumni-espana-celebra-con-exito-su-asamblea-general-y-su-xxvi-encuentro-estatal-de-entidades-alumni-de-las-universidades-espanolas-en-madrid\/ffwkxnixwaafb1n\/\" data-orig-file=\"https:\/\/i0.wp.com\/www.alumniespana.es\/nueva\/wp-content\/uploads\/2022\/10\/FfWkxNIXwAAFb1n.jpg?fit=2000%2C1496&amp;ssl=1\" data-orig-size=\"2000,1496\" data-comments-opened=\"1\" data-image-meta=\"{&quot;aperture&quot;:&quot;0&quot;,&quot;credit&quot;:&quot;&quot;,&quot;camera&quot;:&quot;&quot;,&quot;caption&quot;:&quot;&quot;,&quot;created_timestamp&quot;:&quot;0&quot;,&quot;copyright&quot;:&quot;&quot;,&quot;focal_length&quot;:&quot;0&quot;,&quot;iso&quot;:&quot;0&quot;,&quot;shutter_speed&quot;:&quot;0&quot;,&quot;title&quot;:&quot;&quot;,&quot;orientation&quot;:&quot;0&quot;}\" data-image-title=\"FfWkxNIXwAAFb1n\" data-image-description=\"\" data-image-caption=\"\" data-medium-file=\"https:\/\/i0.wp.com\/www.alumniespana.es\/nueva\/wp-content\/uploads\/2022\/10\/FfWkxNIXwAAFb1n.jpg?fit=300%2C224&amp;ssl=1\" data-large-file=\"https:\/\/i0.wp.com\/www.alumniespana.es\/nueva\/wp-content\/uploads\/2022\/10\/FfWkxNIXwAAFb1n.jpg?fit=640%2C479&amp;ssl=1\" class=\"alignleft size-medium wp-image-1787\" src=\"https:\/\/i0.wp.com\/www.alumniespana.es\/nueva\/wp-content\/uploads\/2022\/10\/FfWkxNIXwAAFb1n.jpg?resize=300%2C224\" alt=\"\" width=\"300\" height=\"224\" srcset=\"https:\/\/i0.wp.com\/www.alumniespana.es\/nueva\/wp-content\/uploads\/2022\/10\/FfWkxNIXwAAFb1n.jpg?resize=300%2C224&amp;ssl=1 300w, https:\/\/i0.wp.com\/www.alumniespana.es\/nueva\/wp-content\/uploads\/2022\/10\/FfWkxNIXwAAFb1n.jpg?resize=1024%2C766&amp;ssl=1 1024w, https:\/\/i0.wp.com\/www.alumniespana.es\/nueva\/wp-content\/uploads\/2022\/10\/FfWkxNIXwAAFb1n.jpg?resize=768%2C574&amp;ssl=1 768w, https:\/\/i0.wp.com\/www.alumniespana.es\/nueva\/wp-content\/uploads\/2022\/10\/FfWkxNIXwAAFb1n.jpg?resize=1536%2C1149&amp;ssl=1 1536w, https:\/\/i0.wp.com\/www.alumniespana.es\/nueva\/wp-content\/uploads\/2022\/10\/FfWkxNIXwAAFb1n.jpg?w=2000&amp;ssl=1 2000w, https:\/\/i0.wp.com\/www.alumniespana.es\/nueva\/wp-content\/uploads\/2022\/10\/FfWkxNIXwAAFb1n.jpg?w=1280 1280w, https:\/\/i0.wp.com\/www.alumniespana.es\/nueva\/wp-content\/uploads\/2022\/10\/FfWkxNIXwAAFb1n.jpg?w=1920 1920w\" sizes=\"(max-width: 300px) 100vw, 300px\" \/><\/a>El Encuentro ratifico a D. Antonio Jos\u00e9 Redondo Garc\u00eda reelegido presidente y la renovaci\u00f3n de parte de la Junta Directiva de la Federaci\u00f3n.<\/em><\/p>\n<p><em>Durante los d\u00edas 17 y 18 de octubre de 2022, l<\/em>a ciudad de Madrid acogi\u00f3 la celebraci\u00f3n del XXVI Encuentro de Asociaciones de Antiguos Alumnos y Amigos de las Universidades Espa\u00f1olas y su Asamblea General. Este encuentro lo convoca cada a\u00f1o Alumni Espa\u00f1a (Federaci\u00f3n de Asociaciones de Antiguos Alumnos y Amigos de las Universidades Espa\u00f1olas) entidad que ya cuenta con m\u00e1s de 38 Asociaciones de egresados universitarios, y lo organiza una de las asociaciones federadas. En est\u00e1 ocasi\u00f3n, es la Alumni Universidad Nacional de Educaci\u00f3n a Distancia (UNED) la encargada de la organizaci\u00f3n de este evento.<\/p>\n<p><em>En el Encuentro Alumni Espa\u00f1a han participado m\u00e1s ochenta Alumni pertenecientes a treinta universidades espa\u00f1olas y numerosas autoridades del \u00e1mbito acad\u00e9mico e institucional. Una actividad enmarcada dentro de los actos del 50\u00ba Aniversario de la fundaci\u00f3n de la UNED y planteada con el objetivo de dar a conocer a la sociedad la realidad de las Asociaciones de Antiguos Alumnos y Amigos de las Universidades espa\u00f1olas. <\/em><\/p>\n<p><em>El XXVI Encuentro de Entidades Alumni antiguos alumnos de las Universidades Espa\u00f1olas tiene como primer objetivo promover el conocimiento mutuo de los responsables y gestores de las entidades Alumni de las Universidades espa\u00f1olas. Todos los Encuentros tienen una vertiente acad\u00e9mica e institucional, pero sobre todo pr\u00e1ctica para las entidades que agrupan a los antiguos alumnos y amigos de las universidades espa\u00f1olas, sin olvidar la dimensi\u00f3n de relaci\u00f3n personal y cultural que siempre facilitan este tipo de reuniones.<\/em><!--more--><\/p>\n<p><em>Fueron invitados adem\u00e1s de los miembros de la red de Alumni, La Coordinadora de Representantes de Estudiantes de Universidades P\u00fablicas (CREUP), la Conferencia de Rectores de las Universidades Espa\u00f1olas (CRUE) y la Conferencia de Consejos Sociales de las Universidades espa\u00f1olas, parte de ellos conforman el Consejo Asesor Alumni Espa\u00f1a.<\/em><\/p>\n<p><em>La inauguraci\u00f3n del encuentro tuvo lugar el d\u00eda 17 en la sede de Escuelas P\u00edas de UNED MADRID situada en una antigua iglesia, cuyo origen se remonta a la segunda mitad del siglo XVIII, el acto fue presidido por e<\/em>l rector de la UNED, D. Ricardo <em>Mairal Us\u00f3n; el Rector de Universidad de Murcia, D. Jos\u00e9 Luj\u00e1n Alcaraz, Director Gerente: D. <\/em>Alfredo Alb\u00e1izar<em> Fern\u00e1ndez el presidente de Alumni Espa\u00f1a, D. Antonio Jos\u00e9 Redondo y por \u00faltimo la Delegada del Rector<\/em> para Proyecto ALUMNI en UNED, D\u00aa. M\u00aa \u00c1ngeles Gonz\u00e1lez Gal\u00e1n.<\/p>\n<p>En esta edici\u00f3n se otorgaron las Distinciones Alumni Espa\u00f1a, ya consolidados en su cuarta edici\u00f3n, que reconocen la trayectoria excelente y la contribuci\u00f3n activa al movimiento Alumni. En esta edici\u00f3n los premiados fueron D\u00aa. Loli Mejias, Administradora en Universidad de La Laguna &#8211; Alumni Universidad de La Laguna, D. Andr\u00e9s Pedre\u00f1o, Catedr\u00e1tico Econom\u00eda Universidad Alicante fundador de Torre Juana OST y D. Jos\u00e9 Manuel Pingarr\u00f3n Carraz\u00f3n, Secretario General de Universidades. Los distinguidos manifestaron en sus discursos el agradecimiento por este reconocimiento a su labor y su intenci\u00f3n de seguir apoyando al movimiento alumni universitario y a Alumni Espa\u00f1a, que representa a m\u00e1s de 250.000 egresados universitarios.<\/p>\n<p>El acto de inauguraci\u00f3n se cerr\u00f3 con la ponencia sobre Networking digital, coordinada por D\u00aa. Ana Laguna, Directora de proyecto Alumni UA, y donde intervinieron D. Andr\u00e9s Pedre\u00f1o, Catedr\u00e1tico Econom\u00eda Universidad Alicante fundador de Torre Juana OST y D. Jos\u00e9 Luj\u00e1n, Rector Magn\u00edfico de la Universidad de Murcia.<\/p>\n<p>Durante las \u00faltimas horas de la tarde, se dieron de forma continuada la Visita guiada de la biblioteca de las Escuelas P\u00edas y la visita guiada por el Madrid m\u00e1s castizo desde Lavapi\u00e9s hasta la Plaza Mayor. Cerrando de esta manera la primera jornada del XXV Encuentro Alumni en Zaragoza.<\/p>\n<p>La segunda sesi\u00f3n del encuentro se prolong\u00f3 durante el d\u00eda 18 de octubre comenz\u00f3 con el traslado en autocar hasta la sede de la Facultad de educaci\u00f3n de la UNED ubicada en la Ciudad Universitaria de Madrid. La ma\u00f1ana la abri\u00f3 la Reuni\u00f3n el Consejo Asesor de Alumni Espa\u00f1a, que naci\u00f3 con la misi\u00f3n de ser un \u00f3rgano consultivo que asesore, elabore informes y proponga la realizaci\u00f3n de proyectos a la Federaci\u00f3n de Asociaciones de Antiguos Alumnos y Amigos de las Universidades Espa\u00f1olas y con la \u201c<em>Mesa de Buenas Practicas Alumni<\/em>\u201d coordinada por D\u00aa. Idoia Zabaleta Arregui, donde expusieron sus distintas actuaciones los representantes de las entidades Alumni pertenecientes a las universidades de Huelva, La Laguna, Murcia, C\u00e1diz y por \u00faltimo de la UNED.<\/p>\n<p><a href=\"https:\/\/i0.wp.com\/www.alumniespana.es\/nueva\/wp-content\/uploads\/2022\/10\/FfWk6UPXwAIPUpU.jpg\"><img data-recalc-dims=\"1\" decoding=\"async\" data-attachment-id=\"1785\" data-permalink=\"https:\/\/www.alumniespana.es\/nueva\/alumni-espana-celebra-con-exito-su-asamblea-general-y-su-xxvi-encuentro-estatal-de-entidades-alumni-de-las-universidades-espanolas-en-madrid\/ffwk6upxwaipupu\/\" data-orig-file=\"https:\/\/i0.wp.com\/www.alumniespana.es\/nueva\/wp-content\/uploads\/2022\/10\/FfWk6UPXwAIPUpU.jpg?fit=1599%2C899&amp;ssl=1\" data-orig-size=\"1599,899\" data-comments-opened=\"1\" data-image-meta=\"{&quot;aperture&quot;:&quot;0&quot;,&quot;credit&quot;:&quot;&quot;,&quot;camera&quot;:&quot;&quot;,&quot;caption&quot;:&quot;&quot;,&quot;created_timestamp&quot;:&quot;0&quot;,&quot;copyright&quot;:&quot;&quot;,&quot;focal_length&quot;:&quot;0&quot;,&quot;iso&quot;:&quot;0&quot;,&quot;shutter_speed&quot;:&quot;0&quot;,&quot;title&quot;:&quot;&quot;,&quot;orientation&quot;:&quot;0&quot;}\" data-image-title=\"FfWk6UPXwAIPUpU\" data-image-description=\"\" data-image-caption=\"\" data-medium-file=\"https:\/\/i0.wp.com\/www.alumniespana.es\/nueva\/wp-content\/uploads\/2022\/10\/FfWk6UPXwAIPUpU.jpg?fit=300%2C169&amp;ssl=1\" data-large-file=\"https:\/\/i0.wp.com\/www.alumniespana.es\/nueva\/wp-content\/uploads\/2022\/10\/FfWk6UPXwAIPUpU.jpg?fit=640%2C360&amp;ssl=1\" class=\"alignleft size-medium wp-image-1785\" src=\"https:\/\/i0.wp.com\/www.alumniespana.es\/nueva\/wp-content\/uploads\/2022\/10\/FfWk6UPXwAIPUpU.jpg?resize=300%2C169\" alt=\"\" width=\"300\" height=\"169\" srcset=\"https:\/\/i0.wp.com\/www.alumniespana.es\/nueva\/wp-content\/uploads\/2022\/10\/FfWk6UPXwAIPUpU.jpg?resize=300%2C169&amp;ssl=1 300w, https:\/\/i0.wp.com\/www.alumniespana.es\/nueva\/wp-content\/uploads\/2022\/10\/FfWk6UPXwAIPUpU.jpg?resize=1024%2C576&amp;ssl=1 1024w, https:\/\/i0.wp.com\/www.alumniespana.es\/nueva\/wp-content\/uploads\/2022\/10\/FfWk6UPXwAIPUpU.jpg?resize=768%2C432&amp;ssl=1 768w, https:\/\/i0.wp.com\/www.alumniespana.es\/nueva\/wp-content\/uploads\/2022\/10\/FfWk6UPXwAIPUpU.jpg?resize=1536%2C864&amp;ssl=1 1536w, https:\/\/i0.wp.com\/www.alumniespana.es\/nueva\/wp-content\/uploads\/2022\/10\/FfWk6UPXwAIPUpU.jpg?w=1599&amp;ssl=1 1599w, https:\/\/i0.wp.com\/www.alumniespana.es\/nueva\/wp-content\/uploads\/2022\/10\/FfWk6UPXwAIPUpU.jpg?w=1280 1280w\" sizes=\"(max-width: 300px) 100vw, 300px\" \/><\/a>Las sesiones matutinas concluyeron con la \u201c<em>Mesa Redonda Consejos Sociales Universidades espa\u00f1olas<\/em>\u201d modera. D\u00aa. Nuria Oliver Ram\u00edrez, Presidenta Consejo Social UNED, y los interlocutores D. Miguel \u00c1ngel Acosta Rodr\u00edguez, Secretario Consejo Social Univ. Las Palmas, D. Ernesto Pedrosa Silva, Presidente Consejo Social Univ. Vigo, Montse Guardia Guell, Miembro del consejo social Observatori de la \u00e9tica en la Inteligencia Artificial de Catalunya. Los tres miembros de la mesa debatieron abiertamente sobre lo qu\u00e9 hacen y c\u00f3mo trabajan para promover y canalizar las actuaciones de los consejos sociales con respeto a las entidades alumni, anunciando futuras actuaciones junto a Alumni Espa\u00f1a, que fortalecer\u00e1n y har\u00e1n crecer el movimiento alumni.<\/p>\n<p>Acto seguido se dio paso a la celebraci\u00f3n, en el mediod\u00eda del martes, de la Asamblea General de Socios de Alumni Espa\u00f1a donde D. Antonio Jos\u00e9 Redondo Garc\u00eda, Presidente de Alumni Espa\u00f1a, procedi\u00f3 a exponer las actuaciones m\u00e1s relevantes de la entidad durante este \u00faltimo a\u00f1o y la presentaci\u00f3n de las cuentas. Para terminar la asamblea se produjeron las intervenciones de D. Francisco Jos\u00e9 Mart\u00ednez L\u00f3pez, Presidente del Consejo Asesor Alumni, expuso el Informe del Consejo Asesor Alumni Espa\u00f1a. Para finalizar la asamblea se procedi\u00f3 a las votaciones para dar lugar a la renovaci\u00f3n de la junta directiva. Donde queda estructurad de la siguiente forma D. Antonio Jos\u00e9 Redondo Garc\u00eda, Asociaci\u00f3n de Amigos y Antiguos Alumnos de la Universidad de Huelva, como Presidente; D\u00aa Idoya Zabaleta Arregui, Programa A3U: Amigos y Antiguos Alumnos de la Universidad p\u00fablica de Navarra, como Vicepresidenta; D. Jos\u00e9 Carlos Alonso Marcos, Asociaci\u00f3n de Amigos y Antiguos Alumnos de la Universidad de Le\u00f3n, como Tesorero; D. Jos\u00e9 Manuel Chico Isidro, Asociaci\u00f3n de Antiguos Alumnos de la Universidad de Alcal\u00e1, como Secretario.<\/p>\n<p>Asimismo, y en virtud al acuerdo llegado durante la Asamblea y seg\u00fan acordaron las asociaciones asistentes a este evento, el pr\u00f3ximo Encuentro de Asociaciones de Antiguos Alumnos y Amigos de las Universidades Espa\u00f1olas, que cumplir\u00e1 su XXVII edici\u00f3n, se celebrar\u00e1 en la Universidad P\u00fablica de Navarra, organizado por su Programa.<\/p>\n<p>Por \u00faltimo, se dio lugar al acto de clausura con las sendas intervenciones de D. Antonio Jos\u00e9 Redondo Garc\u00eda y M\u00aa \u00c1ngeles Gonz\u00e1lez Gal\u00e1n junto a D. Alberto Mingo \u00c1lvarez, Vicerrector de Estudiantes y Emprendimiento de la UNED, que brindaron a los presentes unas inestimables palabras mostraron su agradecimiento por participar del encuentro y sobre todo a UNED por el esfuerzo y desempe\u00f1o demostrado en la realizaci\u00f3n del XXVI Encuentro.<\/p>\n","protected":false},"excerpt":{"rendered":"<p>El Encuentro ratifico a D. Antonio Jos\u00e9 Redondo Garc\u00eda reelegido presidente y la renovaci\u00f3n de parte de la Junta Directiva de la Federaci\u00f3n. Durante los <a href=\"https:\/\/www.alumniespana.es\/nueva\/alumni-espana-celebra-con-exito-su-asamblea-general-y-su-xxvi-encuentro-estatal-de-entidades-alumni-de-las-universidades-espanolas-en-madrid\/\" class=\"btn btn-link continue-link\">Seguir leyendo<\/a><\/p>\n","protected":false},"author":8,"featured_media":1786,"comment_status":"open","ping_status":"open","sticky":false,"template":"","format":"standard","meta":{"jetpack_post_was_ever_published":false,"_jetpack_newsletter_access":"","_jetpack_dont_email_post_to_subs":false,"_jetpack_newsletter_tier_id":0,"_jetpack_memberships_contains_paywalled_content":false,"_jetpack_memberships_contains_paid_content":false,"footnotes":"","jetpack_publicize_message":"","jetpack_publicize_feature_enabled":true,"jetpack_social_post_already_shared":true,"jetpack_social_options":{"image_generator_settings":{"template":"highway","enabled":false},"version":2}},"categories":[7,6],"tags":[],"class_list":["post-1784","post","type-post","status-publish","format-standard","has-post-thumbnail","hentry","category-notas-de-prensa","category-noticias"],"jetpack_publicize_connections":[],"jetpack_featured_media_url":"https:\/\/i0.wp.com\/www.alumniespana.es\/nueva\/wp-content\/uploads\/2022\/10\/FfXh72GWAAY6x1y.jpg?fit=1600%2C1196&ssl=1","jetpack_sharing_enabled":true,"jetpack_shortlink":"https:\/\/wp.me\/pgqjCh-sM","jetpack-related-posts":[],"_links":{"self":[{"href":"https:\/\/www.alumniespana.es\/nueva\/wp-json\/wp\/v2\/posts\/1784","targetHints":{"allow":["GET"]}}],"collection":[{"href":"https:\/\/www.alumniespana.es\/nueva\/wp-json\/wp\/v2\/posts"}],"about":[{"href":"https:\/\/www.alumniespana.es\/nueva\/wp-json\/wp\/v2\/types\/post"}],"author":[{"embeddable":true,"href":"https:\/\/www.alumniespana.es\/nueva\/wp-json\/wp\/v2\/users\/8"}],"replies":[{"embeddable":true,"href":"https:\/\/www.alumniespana.es\/nueva\/wp-json\/wp\/v2\/comments?post=1784"}],"version-history":[{"count":0,"href":"https:\/\/www.alumniespana.es\/nueva\/wp-json\/wp\/v2\/posts\/1784\/revisions"}],"wp:featuredmedia":[{"embeddable":true,"href":"https:\/\/www.alumniespana.es\/nueva\/wp-json\/wp\/v2\/media\/1786"}],"wp:attachment":[{"href":"https:\/\/www.alumniespana.es\/nueva\/wp-json\/wp\/v2\/media?parent=1784"}],"wp:term":[{"taxonomy":"category","embeddable":true,"href":"https:\/\/www.alumniespana.es\/nueva\/wp-json\/wp\/v2\/categories?post=1784"},{"taxonomy":"post_tag","embeddable":true,"href":"https:\/\/www.alumniespana.es\/nueva\/wp-json\/wp\/v2\/tags?post=1784"}],"curies":[{"name":"wp","href":"https:\/\/api.w.org\/{rel}","templated":true}]}}