{"id":1628,"date":"2019-12-26T08:13:05","date_gmt":"2019-12-26T08:13:05","guid":{"rendered":"http:\/\/www.alumniespana.es\/nueva\/?p=1628"},"modified":"2019-12-26T08:13:42","modified_gmt":"2019-12-26T08:13:42","slug":"reunion-de-alumni-espana-con-el-secretario-general-de-universidades-del-ministerio-de-ciencia-innovacion-y-universidades-3","status":"publish","type":"post","link":"https:\/\/www.alumniespana.es\/nueva\/reunion-de-alumni-espana-con-el-secretario-general-de-universidades-del-ministerio-de-ciencia-innovacion-y-universidades-3\/","title":{"rendered":"Reuni\u00f3n de Alumni Espa\u00f1a con el Secretario General de Universidades del Ministerio de Ciencia, Innovaci\u00f3n y Universidades"},"content":{"rendered":"<p>El pasado 29 de octubre, D. Antonio Jos\u00e9 Redondo Garc\u00eda, Presidente Alumni Espa\u00f1a, y D\u00aa. Idoya\u00a0 Zabaleta Arregui, Miembro de la Junta Directiva Alumni Espa\u00f1a, mantuvieron una reunieron con D. Jos\u00e9 Manuel Pingarr\u00f3n, Secretario General de Universidades, en la ronda peri\u00f3dica que los tres organismos mantienen con ocasi\u00f3n de integrar al movimiento alumni de las universidades espa\u00f1olas en el organigrama del Ministerio.<\/p>\n<p>Una vez articulado un grupo de trabajo destinado al reconocimiento del movimiento alumni espa\u00f1ol en el seno del Ministerio de Educaci\u00f3n, se le mostro el equipo y sus atribuciones.<\/p>\n<p>Durante la velada se le pregunto por el informe de Alumni Espa\u00f1a presentado en diciembre del a\u00f1o pasado y a su vez se le mostraron los proyectos en los que se est\u00e1 trabajando actualmente como v\u00edas de futuro de la Federaci\u00f3n Alumni Esp\u00f1a. Desde hace unos meses se est\u00e1 articulando un grupo de trabajo destinado al reconocimiento del movimiento alumni espa\u00f1ol en el seno del Ministerio de Educaci\u00f3n. En estas conversaciones est\u00e1 teniendo un destacado protagonismo Alumni Espa\u00f1a.<\/p>\n<p>Tambi\u00e9n se le pregunto por un memorando de colaboraci\u00f3n que permita reconocer a Alumni Espa\u00f1a como representante de los alumni universitarios espa\u00f1oles al mismo nivel que ya tienen otros colectivos universitarios, memorando que se le presento en la \u00faltima entrevista que se tuvo con \u00e9l en el mes de marzo. Tambi\u00e9n se baraja que el Ministerio pueda poner a disposici\u00f3n de Alumni Espa\u00f1a un espacio propio en su misma sede y que \u00e9sta tenga vocaci\u00f3n de permanencia.<\/p>\n<p>La reuni\u00f3n cierra una fase de contactos previos, que ha servido para que el Ministerio se haya percatado de la fuerza que ha alcanzado el movimiento alumni espa\u00f1ol que lidera Alumni Espa\u00f1a.<\/p>\n","protected":false},"excerpt":{"rendered":"<p>El pasado 29 de octubre, D. Antonio Jos\u00e9 Redondo Garc\u00eda, Presidente Alumni Espa\u00f1a, y D\u00aa. Idoya\u00a0 Zabaleta Arregui, Miembro de la Junta Directiva Alumni Espa\u00f1a, <a href=\"https:\/\/www.alumniespana.es\/nueva\/reunion-de-alumni-espana-con-el-secretario-general-de-universidades-del-ministerio-de-ciencia-innovacion-y-universidades-3\/\" class=\"btn btn-link continue-link\">Seguir leyendo<\/a><\/p>\n","protected":false},"author":8,"featured_media":1630,"comment_status":"open","ping_status":"open","sticky":false,"template":"","format":"standard","meta":{"jetpack_post_was_ever_published":false,"_jetpack_newsletter_access":"","_jetpack_dont_email_post_to_subs":false,"_jetpack_newsletter_tier_id":0,"_jetpack_memberships_contains_paywalled_content":false,"_jetpack_memberships_contains_paid_content":false,"footnotes":"","jetpack_publicize_message":"","jetpack_publicize_feature_enabled":true,"jetpack_social_post_already_shared":false,"jetpack_social_options":{"image_generator_settings":{"template":"highway","enabled":false},"version":2}},"categories":[1],"tags":[],"class_list":["post-1628","post","type-post","status-publish","format-standard","has-post-thumbnail","hentry","category-eventos"],"jetpack_publicize_connections":[],"jetpack_featured_media_url":"https:\/\/i0.wp.com\/www.alumniespana.es\/nueva\/wp-content\/uploads\/2019\/12\/secretariado_general_universidades.jpg?fit=1024%2C768&ssl=1","jetpack_sharing_enabled":true,"jetpack_shortlink":"https:\/\/wp.me\/pgqjCh-qg","jetpack-related-posts":[],"_links":{"self":[{"href":"https:\/\/www.alumniespana.es\/nueva\/wp-json\/wp\/v2\/posts\/1628","targetHints":{"allow":["GET"]}}],"collection":[{"href":"https:\/\/www.alumniespana.es\/nueva\/wp-json\/wp\/v2\/posts"}],"about":[{"href":"https:\/\/www.alumniespana.es\/nueva\/wp-json\/wp\/v2\/types\/post"}],"author":[{"embeddable":true,"href":"https:\/\/www.alumniespana.es\/nueva\/wp-json\/wp\/v2\/users\/8"}],"replies":[{"embeddable":true,"href":"https:\/\/www.alumniespana.es\/nueva\/wp-json\/wp\/v2\/comments?post=1628"}],"version-history":[{"count":0,"href":"https:\/\/www.alumniespana.es\/nueva\/wp-json\/wp\/v2\/posts\/1628\/revisions"}],"wp:featuredmedia":[{"embeddable":true,"href":"https:\/\/www.alumniespana.es\/nueva\/wp-json\/wp\/v2\/media\/1630"}],"wp:attachment":[{"href":"https:\/\/www.alumniespana.es\/nueva\/wp-json\/wp\/v2\/media?parent=1628"}],"wp:term":[{"taxonomy":"category","embeddable":true,"href":"https:\/\/www.alumniespana.es\/nueva\/wp-json\/wp\/v2\/categories?post=1628"},{"taxonomy":"post_tag","embeddable":true,"href":"https:\/\/www.alumniespana.es\/nueva\/wp-json\/wp\/v2\/tags?post=1628"}],"curies":[{"name":"wp","href":"https:\/\/api.w.org\/{rel}","templated":true}]}}