{"id":1483,"date":"2018-01-22T09:07:51","date_gmt":"2018-01-22T09:07:51","guid":{"rendered":"http:\/\/www.alumniespana.es\/nueva\/?p=1483"},"modified":"2018-01-23T09:09:58","modified_gmt":"2018-01-23T09:09:58","slug":"la-federacion-alumni-espana-se-ha-reunido-equipo-ministerial-la-secretaria-general-universidades","status":"publish","type":"post","link":"https:\/\/www.alumniespana.es\/nueva\/la-federacion-alumni-espana-se-ha-reunido-equipo-ministerial-la-secretaria-general-universidades\/","title":{"rendered":"La Federaci\u00f3n Alumni Espa\u00f1a se ha reunido con el equipo ministerial de la secretaria general de Universidades"},"content":{"rendered":"<p>La Federaci\u00f3n de Asociaciones de Antiguos Alumnos de las Universidades Espa\u00f1olas, Alumni Espa\u00f1a, se ha reunido con el equipo ministerial de la secretaria general de Universidades. A dicha reuni\u00f3n ha asistido el Presidente de Alumni Espa\u00f1a, Antonio Jos\u00e9 Redondo, El vicepresidente de Alumni Espa\u00f1a, Alberto Alonso y el Presidente del Consejo Asesor Alumni Espa\u00f1a, D. Francisco Jos\u00e9 Mart\u00ednez\u00a0 por parte del Ministerio de Educaci\u00f3n han participado D. Jorge Sainz, Secretario General de Universidades, Cristina Rodr\u00edguez Coarasa, Subdirectora General de Ordenaci\u00f3n Acad\u00e9mica de las Ense\u00f1anzas Universitarias y del Profesorado Universitario, Do\u00f1a Carmen Berm\u00fadez, Subdirectora General de Formaci\u00f3n del Profesorado Universitario y Atenci\u00f3n a los Estudiantes y D. Leonardo Caruana, Subdirector General de Coordinaci\u00f3n y Seguimiento Universitario.<\/p>\n<p>La reuni\u00f3n ha tenido lugar en la sede de la secretaria general de Universidades en Madrid en donde se han tratado temas como la ley de patrocinio y mecenazgo, la importancia del movimiento alumni para las universidades, la relaci\u00f3n con los consejos sociales de las universidades se\u00a0 ha puesto en valor el trabajo realizado por nuestra entidad para conseguir consolidar nuestro colectivo como as\u00ed se expone en el estatuto del estudiante. Se han abierto nuevas l\u00edneas de colaboraci\u00f3n y participaci\u00f3n entre ambas entidades para una apuesta decidida del Ministerio con Alumni Espa\u00f1a. Desde estas l\u00edneas queremos agradecer a todo el equipo ministerial su apoyo y participaci\u00f3n en dicha reuni\u00f3n.<\/p>\n","protected":false},"excerpt":{"rendered":"<p>La Federaci\u00f3n de Asociaciones de Antiguos Alumnos de las Universidades Espa\u00f1olas, Alumni Espa\u00f1a, se ha reunido con el equipo ministerial de la secretaria general de <a href=\"https:\/\/www.alumniespana.es\/nueva\/la-federacion-alumni-espana-se-ha-reunido-equipo-ministerial-la-secretaria-general-universidades\/\" class=\"btn btn-link continue-link\">Seguir leyendo<\/a><\/p>\n","protected":false},"author":8,"featured_media":1484,"comment_status":"open","ping_status":"open","sticky":false,"template":"","format":"standard","meta":{"jetpack_post_was_ever_published":false,"_jetpack_newsletter_access":"","_jetpack_dont_email_post_to_subs":false,"_jetpack_newsletter_tier_id":0,"_jetpack_memberships_contains_paywalled_content":false,"_jetpack_memberships_contains_paid_content":false,"footnotes":"","jetpack_publicize_message":"","jetpack_publicize_feature_enabled":true,"jetpack_social_post_already_shared":false,"jetpack_social_options":{"image_generator_settings":{"template":"highway","enabled":false},"version":2}},"categories":[1],"tags":[],"class_list":["post-1483","post","type-post","status-publish","format-standard","has-post-thumbnail","hentry","category-eventos"],"jetpack_publicize_connections":[],"jetpack_featured_media_url":"https:\/\/i0.wp.com\/www.alumniespana.es\/nueva\/wp-content\/uploads\/2018\/01\/alumni_secretaria_universidades.jpg?fit=1301%2C975&ssl=1","jetpack_sharing_enabled":true,"jetpack_shortlink":"https:\/\/wp.me\/pgqjCh-nV","jetpack-related-posts":[],"_links":{"self":[{"href":"https:\/\/www.alumniespana.es\/nueva\/wp-json\/wp\/v2\/posts\/1483","targetHints":{"allow":["GET"]}}],"collection":[{"href":"https:\/\/www.alumniespana.es\/nueva\/wp-json\/wp\/v2\/posts"}],"about":[{"href":"https:\/\/www.alumniespana.es\/nueva\/wp-json\/wp\/v2\/types\/post"}],"author":[{"embeddable":true,"href":"https:\/\/www.alumniespana.es\/nueva\/wp-json\/wp\/v2\/users\/8"}],"replies":[{"embeddable":true,"href":"https:\/\/www.alumniespana.es\/nueva\/wp-json\/wp\/v2\/comments?post=1483"}],"version-history":[{"count":0,"href":"https:\/\/www.alumniespana.es\/nueva\/wp-json\/wp\/v2\/posts\/1483\/revisions"}],"wp:featuredmedia":[{"embeddable":true,"href":"https:\/\/www.alumniespana.es\/nueva\/wp-json\/wp\/v2\/media\/1484"}],"wp:attachment":[{"href":"https:\/\/www.alumniespana.es\/nueva\/wp-json\/wp\/v2\/media?parent=1483"}],"wp:term":[{"taxonomy":"category","embeddable":true,"href":"https:\/\/www.alumniespana.es\/nueva\/wp-json\/wp\/v2\/categories?post=1483"},{"taxonomy":"post_tag","embeddable":true,"href":"https:\/\/www.alumniespana.es\/nueva\/wp-json\/wp\/v2\/tags?post=1483"}],"curies":[{"name":"wp","href":"https:\/\/api.w.org\/{rel}","templated":true}]}}