{"id":1185,"date":"2016-01-21T12:08:20","date_gmt":"2016-01-21T12:08:20","guid":{"rendered":"http:\/\/www.alumniespana.es\/nueva\/?p=1185"},"modified":"2016-07-01T12:08:56","modified_gmt":"2016-07-01T12:08:56","slug":"reunion-la-junta-directiva-alumni-espana","status":"publish","type":"post","link":"https:\/\/www.alumniespana.es\/nueva\/reunion-la-junta-directiva-alumni-espana\/","title":{"rendered":"REUNI\u00d3N DE LA JUNTA DIRECTIVA DE ALUMNI ESPA\u00d1A"},"content":{"rendered":"<p>El jueves 21 de enero de 2016, se reuni\u00f3 en la sede de CertiUni, la Junta Directiva de Alumni Espa\u00f1a.<a href=\"https:\/\/i0.wp.com\/www.alumniespana.es\/nueva\/wp-content\/uploads\/2016\/07\/reunion_junta.jpg\"><img data-recalc-dims=\"1\" fetchpriority=\"high\" decoding=\"async\" data-attachment-id=\"1179\" data-permalink=\"https:\/\/www.alumniespana.es\/nueva\/reunion-los-vicerrectores-estudiantes-las-universidades-andaluzas\/reunion_junta\/\" data-orig-file=\"https:\/\/i0.wp.com\/www.alumniespana.es\/nueva\/wp-content\/uploads\/2016\/07\/reunion_junta.jpg?fit=1300%2C975&amp;ssl=1\" data-orig-size=\"1300,975\" data-comments-opened=\"1\" data-image-meta=\"{&quot;aperture&quot;:&quot;0&quot;,&quot;credit&quot;:&quot;&quot;,&quot;camera&quot;:&quot;&quot;,&quot;caption&quot;:&quot;&quot;,&quot;created_timestamp&quot;:&quot;0&quot;,&quot;copyright&quot;:&quot;&quot;,&quot;focal_length&quot;:&quot;0&quot;,&quot;iso&quot;:&quot;0&quot;,&quot;shutter_speed&quot;:&quot;0&quot;,&quot;title&quot;:&quot;&quot;,&quot;orientation&quot;:&quot;0&quot;}\" data-image-title=\"reunion_junta\" data-image-description=\"\" data-image-caption=\"\" data-medium-file=\"https:\/\/i0.wp.com\/www.alumniespana.es\/nueva\/wp-content\/uploads\/2016\/07\/reunion_junta.jpg?fit=300%2C225&amp;ssl=1\" data-large-file=\"https:\/\/i0.wp.com\/www.alumniespana.es\/nueva\/wp-content\/uploads\/2016\/07\/reunion_junta.jpg?fit=640%2C480&amp;ssl=1\" class=\"size-medium wp-image-1179 alignleft\" src=\"https:\/\/i0.wp.com\/www.alumniespana.es\/nueva\/wp-content\/uploads\/2016\/07\/reunion_junta.jpg?resize=300%2C225\" alt=\"reunion_junta\" width=\"300\" height=\"225\" srcset=\"https:\/\/i0.wp.com\/www.alumniespana.es\/nueva\/wp-content\/uploads\/2016\/07\/reunion_junta.jpg?resize=300%2C225&amp;ssl=1 300w, https:\/\/i0.wp.com\/www.alumniespana.es\/nueva\/wp-content\/uploads\/2016\/07\/reunion_junta.jpg?resize=768%2C576&amp;ssl=1 768w, https:\/\/i0.wp.com\/www.alumniespana.es\/nueva\/wp-content\/uploads\/2016\/07\/reunion_junta.jpg?resize=1024%2C768&amp;ssl=1 1024w, https:\/\/i0.wp.com\/www.alumniespana.es\/nueva\/wp-content\/uploads\/2016\/07\/reunion_junta.jpg?w=1300&amp;ssl=1 1300w\" sizes=\"(max-width: 300px) 100vw, 300px\" \/><\/a><\/p>\n<p>En la reuni\u00f3n se ratific\u00f3 que el XX Encuentro se celebrar\u00e1 en la Universidad de M\u00e1laga los d\u00edas 9 y 10 de junio de 2016, cerr\u00e1ndose una parte importante del Programa del mismo, que en breve esperamos poder enviarles. La Junta Directiva de Alumni Espa\u00f1a hace un llamamiento a las entidades federadas, y al resto de las entidades alumni espa\u00f1olas, a participar en este lugar de encuentro e intercambio de ideas sobre el mundo alumni.<\/p>\n<p>La Junta Directiva acord\u00f3 realizar la convocatoria del Premio Alumni Espa\u00f1a-Banco de Santander, que se entregar\u00e1 en el acto inaugural del XX Encuentro.<\/p>\n<p>&nbsp;<\/p>\n","protected":false},"excerpt":{"rendered":"<p>El jueves 21 de enero de 2016, se reuni\u00f3 en la sede de CertiUni, la Junta Directiva de Alumni Espa\u00f1a. En la reuni\u00f3n se ratific\u00f3 <a href=\"https:\/\/www.alumniespana.es\/nueva\/reunion-la-junta-directiva-alumni-espana\/\" class=\"btn btn-link continue-link\">Seguir leyendo<\/a><\/p>\n","protected":false},"author":6,"featured_media":1179,"comment_status":"open","ping_status":"open","sticky":false,"template":"","format":"standard","meta":{"jetpack_post_was_ever_published":false,"_jetpack_newsletter_access":"","_jetpack_dont_email_post_to_subs":false,"_jetpack_newsletter_tier_id":0,"_jetpack_memberships_contains_paywalled_content":false,"_jetpack_memberships_contains_paid_content":false,"footnotes":"","jetpack_publicize_message":"","jetpack_publicize_feature_enabled":true,"jetpack_social_post_already_shared":false,"jetpack_social_options":{"image_generator_settings":{"template":"highway","enabled":false},"version":2}},"categories":[1],"tags":[],"class_list":["post-1185","post","type-post","status-publish","format-standard","has-post-thumbnail","hentry","category-eventos"],"jetpack_publicize_connections":[],"jetpack_featured_media_url":"https:\/\/i0.wp.com\/www.alumniespana.es\/nueva\/wp-content\/uploads\/2016\/07\/reunion_junta.jpg?fit=1300%2C975&ssl=1","jetpack_sharing_enabled":true,"jetpack_shortlink":"https:\/\/wp.me\/pgqjCh-j7","jetpack-related-posts":[],"_links":{"self":[{"href":"https:\/\/www.alumniespana.es\/nueva\/wp-json\/wp\/v2\/posts\/1185","targetHints":{"allow":["GET"]}}],"collection":[{"href":"https:\/\/www.alumniespana.es\/nueva\/wp-json\/wp\/v2\/posts"}],"about":[{"href":"https:\/\/www.alumniespana.es\/nueva\/wp-json\/wp\/v2\/types\/post"}],"author":[{"embeddable":true,"href":"https:\/\/www.alumniespana.es\/nueva\/wp-json\/wp\/v2\/users\/6"}],"replies":[{"embeddable":true,"href":"https:\/\/www.alumniespana.es\/nueva\/wp-json\/wp\/v2\/comments?post=1185"}],"version-history":[{"count":0,"href":"https:\/\/www.alumniespana.es\/nueva\/wp-json\/wp\/v2\/posts\/1185\/revisions"}],"wp:featuredmedia":[{"embeddable":true,"href":"https:\/\/www.alumniespana.es\/nueva\/wp-json\/wp\/v2\/media\/1179"}],"wp:attachment":[{"href":"https:\/\/www.alumniespana.es\/nueva\/wp-json\/wp\/v2\/media?parent=1185"}],"wp:term":[{"taxonomy":"category","embeddable":true,"href":"https:\/\/www.alumniespana.es\/nueva\/wp-json\/wp\/v2\/categories?post=1185"},{"taxonomy":"post_tag","embeddable":true,"href":"https:\/\/www.alumniespana.es\/nueva\/wp-json\/wp\/v2\/tags?post=1185"}],"curies":[{"name":"wp","href":"https:\/\/api.w.org\/{rel}","templated":true}]}}