{"id":1003,"date":"2014-04-02T18:39:35","date_gmt":"2014-04-02T18:39:35","guid":{"rendered":"http:\/\/www.alumniespana.es\/nueva\/?p=1003"},"modified":"2015-12-09T18:18:30","modified_gmt":"2015-12-09T18:18:30","slug":"alumni-espana-se-reune-con-la-directora-de-alumni-uam","status":"publish","type":"post","link":"https:\/\/www.alumniespana.es\/nueva\/alumni-espana-se-reune-con-la-directora-de-alumni-uam\/","title":{"rendered":"ALUMNI ESPA\u00d1A SE RE\u00daNE CON LA DIRECTORA DE ALUMNI UAM"},"content":{"rendered":"<p style=\"text-align: justify;\">4 de Albril de 2014.- El pasado 2 de abril de 2014, representantes de la Junta Directiva de Alumni Espa\u00f1a mantuvieron un encuentro con la directora del Programa Alumni de la Universidad Aut\u00f3noma de Madrid (UAM), Lis Paula. En el transcurso de la reuni\u00f3n, los miembros de Alumni Espa\u00f1a explicaron a la directora los proyectos que la entidad est\u00e1 realizando.\u00a0<!--more--><\/p>\n<p style=\"text-align: justify;\"><a href=\"https:\/\/i0.wp.com\/www.alumniespana.es\/nueva\/wp-content\/uploads\/2014\/05\/uam.jpg\"><img data-recalc-dims=\"1\" fetchpriority=\"high\" decoding=\"async\" data-attachment-id=\"1005\" data-permalink=\"https:\/\/www.alumniespana.es\/nueva\/alumni-espana-se-reune-con-la-directora-de-alumni-uam\/uam\/\" data-orig-file=\"https:\/\/i0.wp.com\/www.alumniespana.es\/nueva\/wp-content\/uploads\/2014\/05\/uam.jpg?fit=800%2C600&amp;ssl=1\" data-orig-size=\"800,600\" data-comments-opened=\"1\" data-image-meta=\"{&quot;aperture&quot;:&quot;0&quot;,&quot;credit&quot;:&quot;&quot;,&quot;camera&quot;:&quot;&quot;,&quot;caption&quot;:&quot;&quot;,&quot;created_timestamp&quot;:&quot;0&quot;,&quot;copyright&quot;:&quot;&quot;,&quot;focal_length&quot;:&quot;0&quot;,&quot;iso&quot;:&quot;0&quot;,&quot;shutter_speed&quot;:&quot;0&quot;,&quot;title&quot;:&quot;&quot;}\" data-image-title=\"Representantes de Alumni Espa\u00f1a con la Directora de la UAM\" data-image-description=\"\" data-image-caption=\"\" data-medium-file=\"https:\/\/i0.wp.com\/www.alumniespana.es\/nueva\/wp-content\/uploads\/2014\/05\/uam.jpg?fit=300%2C225&amp;ssl=1\" data-large-file=\"https:\/\/i0.wp.com\/www.alumniespana.es\/nueva\/wp-content\/uploads\/2014\/05\/uam.jpg?fit=640%2C480&amp;ssl=1\" class=\"alignleft size-medium wp-image-1005\" src=\"https:\/\/i0.wp.com\/www.alumniespana.es\/nueva\/wp-content\/uploads\/2014\/05\/uam.jpg?resize=300%2C225\" alt=\"Representantes de Alumni Espa\u00f1a con la Directora de la UAM\" width=\"300\" height=\"225\" srcset=\"https:\/\/i0.wp.com\/www.alumniespana.es\/nueva\/wp-content\/uploads\/2014\/05\/uam.jpg?resize=300%2C225&amp;ssl=1 300w, https:\/\/i0.wp.com\/www.alumniespana.es\/nueva\/wp-content\/uploads\/2014\/05\/uam.jpg?w=800&amp;ssl=1 800w\" sizes=\"(max-width: 300px) 100vw, 300px\" \/><\/a>Recientemente, la UAM ha puesto en marcha el programa alumni, un nuevo servicio universitario que tiene como objetivo promover y mantener v\u00ednculos permanentes con los m\u00e1s de 150.000 titulados y tituladas, as\u00ed como con aquellas personas o entidades (amigos de la UAM) que deseen participar y contribuir activamente al desarrollo y la proyecci\u00f3n social de nuestra universidad.<\/p>\n<div style=\"margin-bottom: 160px;\"><\/div>\n","protected":false},"excerpt":{"rendered":"<p>4 de Albril de 2014.- El pasado 2 de abril de 2014, representantes de la Junta Directiva de Alumni Espa\u00f1a mantuvieron un encuentro con la <a href=\"https:\/\/www.alumniespana.es\/nueva\/alumni-espana-se-reune-con-la-directora-de-alumni-uam\/\" class=\"btn btn-link continue-link\">Seguir leyendo<\/a><\/p>\n","protected":false},"author":8,"featured_media":1005,"comment_status":"closed","ping_status":"closed","sticky":false,"template":"","format":"standard","meta":{"jetpack_post_was_ever_published":false,"_jetpack_newsletter_access":"","_jetpack_dont_email_post_to_subs":false,"_jetpack_newsletter_tier_id":0,"_jetpack_memberships_contains_paywalled_content":false,"_jetpack_memberships_contains_paid_content":false,"footnotes":"","jetpack_publicize_message":"","jetpack_publicize_feature_enabled":true,"jetpack_social_post_already_shared":false,"jetpack_social_options":{"image_generator_settings":{"template":"highway","enabled":false},"version":2}},"categories":[1],"tags":[],"class_list":["post-1003","post","type-post","status-publish","format-standard","has-post-thumbnail","hentry","category-eventos"],"jetpack_publicize_connections":[],"jetpack_featured_media_url":"https:\/\/i0.wp.com\/www.alumniespana.es\/nueva\/wp-content\/uploads\/2014\/05\/uam.jpg?fit=800%2C600&ssl=1","jetpack_sharing_enabled":true,"jetpack_shortlink":"https:\/\/wp.me\/pgqjCh-gb","jetpack-related-posts":[],"_links":{"self":[{"href":"https:\/\/www.alumniespana.es\/nueva\/wp-json\/wp\/v2\/posts\/1003","targetHints":{"allow":["GET"]}}],"collection":[{"href":"https:\/\/www.alumniespana.es\/nueva\/wp-json\/wp\/v2\/posts"}],"about":[{"href":"https:\/\/www.alumniespana.es\/nueva\/wp-json\/wp\/v2\/types\/post"}],"author":[{"embeddable":true,"href":"https:\/\/www.alumniespana.es\/nueva\/wp-json\/wp\/v2\/users\/8"}],"replies":[{"embeddable":true,"href":"https:\/\/www.alumniespana.es\/nueva\/wp-json\/wp\/v2\/comments?post=1003"}],"version-history":[{"count":0,"href":"https:\/\/www.alumniespana.es\/nueva\/wp-json\/wp\/v2\/posts\/1003\/revisions"}],"wp:featuredmedia":[{"embeddable":true,"href":"https:\/\/www.alumniespana.es\/nueva\/wp-json\/wp\/v2\/media\/1005"}],"wp:attachment":[{"href":"https:\/\/www.alumniespana.es\/nueva\/wp-json\/wp\/v2\/media?parent=1003"}],"wp:term":[{"taxonomy":"category","embeddable":true,"href":"https:\/\/www.alumniespana.es\/nueva\/wp-json\/wp\/v2\/categories?post=1003"},{"taxonomy":"post_tag","embeddable":true,"href":"https:\/\/www.alumniespana.es\/nueva\/wp-json\/wp\/v2\/tags?post=1003"}],"curies":[{"name":"wp","href":"https:\/\/api.w.org\/{rel}","templated":true}]}}